{"id":187911,"date":"2025-06-19T08:02:18","date_gmt":"2025-06-19T08:02:18","guid":{"rendered":"https:\/\/www.europesays.com\/fr\/187911\/"},"modified":"2025-06-19T08:02:18","modified_gmt":"2025-06-19T08:02:18","slug":"loveable-beau-portrait-de-femme-au-coeur-de-la-rupture","status":"publish","type":"post","link":"https:\/\/www.europesays.com\/fr\/187911\/","title":{"rendered":"\u00ab\u00a0Loveable\u00a0\u00bb, beau portrait de femme au coeur de la rupture"},"content":{"rendered":"<p>Dans son premier long-m\u00e9trage, \u00ab\u00a0Loveable\u00a0\u00bb, la r\u00e9alisatrice norv\u00e9gienne Lilja Ingolfsdottir diss\u00e8que les dynamiques d\u2019un couple en crise et signe le portrait intime d\u2019une femme en pleine mue. Un r\u00e9cit introspectif d\u2019une implacable justesse, couronn\u00e9 d\u2019un Grand prix \u00e0 l\u2019Arcs Film Festival.<\/p>\n<p>D\u00e8s le premier regard, Maria (Helga Guren)\u00a0et\u00a0Sigmund (Oddgeir Thune) se sont reconnus. Comme une \u00e9vidence.\u00a0Apr\u00e8s ce coup de foudre vient le tourbillon des premiers \u00e9lans, la valse \u00e0 mille temps de l\u2019amour. Tout est beau et joyeux. Sept ans et deux enfants plus tard, le couple vacille.\u00a0Maria est \u00e9cras\u00e9e par la charge mentale, rong\u00e9e par la col\u00e8re, min\u00e9e par l\u2019\u00e9puisement. Les tensions s\u2019installent, les corps se raidissent, les voix s\u2019\u00e9l\u00e8vent. Et les ranc\u0153urs commencent \u00e0 durablement s\u2019installer. Le couple se retrouve au bord de l\u2019implosion. Le divorce semble in\u00e9vitable.<\/p>\n<\/p>\n<p style=\"text-align: center;\">Bande-annonce du film Loveable<\/p>\n<p>Loveable se vit comme l\u2019anatomie d\u2019un couple essor\u00e9 par la routine, les r\u00f4les assign\u00e9s et les non-dits. Mais\u00a0loin de sombrer dans une lecture manich\u00e9enne et le pathos, ce premier long-m\u00e9trage de la r\u00e9alisatrice norv\u00e9gienne Lilja Ingolfsdottir interroge la n\u00e9cessit\u00e9 de se confronter \u00e0 ses propres manquements et zones d\u2019ombre. Quelle est la part de responsabilit\u00e9 de chacun.e dans la d\u00e9liquescence d\u2019une relation ? Quels traumas g\u00e9n\u00e9rationnels\u00a0vont nourrir (ou pourrir) l\u2019attachement \u00e0 l\u2019autre\u00a0? Tels sont les sujets simples mais finalement essentiels que sonde ce film sensible et d\u2019une profondeur insoup\u00e7onn\u00e9e.<\/p>\n<p>La rupture pour se retrouver<\/p>\n<p>L\u00e0 o\u00f9 l\u2019excellent <a href=\"https:\/\/www.fnac.com\/a14869847\/Marriage-Story-Blu-ray-Scarlett-Johansson-Blu-ray\" target=\"_blank\" rel=\"noopener\">Marriage Story<\/a> de <a href=\"https:\/\/www.fnac.com\/ia576952\/Noah-Baumbach\" target=\"_blank\" rel=\"noopener\">Noah Baumbach<\/a> mettait en sc\u00e8ne le fracas du conflit conjugal, Ingolfsdottir se concentre sur la fracture silencieuse de Maria. La cin\u00e9aste plonge dans la psych\u00e9 f\u00e9minine, diss\u00e9quant non seulement le poids \u00e9crasant de la charge maternelle, mais aussi l\u2019insidieuse influence de l\u2019auto-d\u00e9testation h\u00e9rit\u00e9e, souvent inconsciente. Si Loveable\u00a0d\u00e9peint la s\u00e9paration du couple avec une acuit\u00e9 qui n\u2019est pas sans rappeler un certain <a href=\"https:\/\/www.fnac.com\/ia48252\/Ingmar-Bergman\" target=\"_blank\" rel=\"noopener\">Ingmar Bergman<\/a> (<a href=\"https:\/\/www.fnac.com\/o8716073\/Scenes-de-la-vie-conjugale\/w-4\" target=\"_blank\" rel=\"noopener\">Sc\u00e8nes de la vie conjugale<\/a>), elle s\u2019int\u00e9resse finalement surtout \u00e0 la rencontre intime de Maria avec elle-m\u00eame.<\/p>\n<p>En suivant sa chute et sa reconstruction, entre s\u00e9ances de th\u00e9rapie et contemplation,\u00a0Loveable\u00a0esquisse le\u00a0coming of age paradoxalement lumineux d\u2019une quarantenaire qui va panser et penser ses blessures pass\u00e9es, se d\u00e9faire de ses entraves pour mieux se retrouver. La rupture devient ainsi un point de bascule lib\u00e9rateur. Film\u00e9 avec une sobri\u00e9t\u00e9 et une \u00e9l\u00e9gance toute scandinave,\u00a0Loveable\u00a0donne \u00e0 voir une mue int\u00e9rieure, une mise \u00e0 nu \u00e9motionnelle qui renvoie \u00e0 nos propres failles et contradictions.\u00a0<\/p>\n","protected":false},"excerpt":{"rendered":"Dans son premier long-m\u00e9trage, \u00ab\u00a0Loveable\u00a0\u00bb, la r\u00e9alisatrice norv\u00e9gienne Lilja Ingolfsdottir diss\u00e8que les dynamiques d\u2019un couple en crise et&hellip;\n","protected":false},"author":2,"featured_media":187912,"comment_status":"","ping_status":"","sticky":false,"template":"","format":"standard","meta":{"footnotes":""},"categories":[1354],"tags":[1376,650,58,7681,59,2081,1346,1011,27,1360,673,32567,3686],"class_list":{"0":"post-187911","1":"post","2":"type-post","3":"status-publish","4":"format-standard","5":"has-post-thumbnail","7":"category-films","8":"tag-amour","9":"tag-cinema","10":"tag-divertissement","11":"tag-divorce","12":"tag-entertainment","13":"tag-film","14":"tag-films","15":"tag-fr","16":"tag-france","17":"tag-movies","18":"tag-norvege","19":"tag-scandinave","20":"tag-sortie"},"share_on_mastodon":{"url":"https:\/\/pubeurope.com\/@fr\/114708987877058988","error":""},"_links":{"self":[{"href":"https:\/\/www.europesays.com\/fr\/wp-json\/wp\/v2\/posts\/187911","targetHints":{"allow":["GET"]}}],"collection":[{"href":"https:\/\/www.europesays.com\/fr\/wp-json\/wp\/v2\/posts"}],"about":[{"href":"https:\/\/www.europesays.com\/fr\/wp-json\/wp\/v2\/types\/post"}],"author":[{"embeddable":true,"href":"https:\/\/www.europesays.com\/fr\/wp-json\/wp\/v2\/users\/2"}],"replies":[{"embeddable":true,"href":"https:\/\/www.europesays.com\/fr\/wp-json\/wp\/v2\/comments?post=187911"}],"version-history":[{"count":0,"href":"https:\/\/www.europesays.com\/fr\/wp-json\/wp\/v2\/posts\/187911\/revisions"}],"wp:featuredmedia":[{"embeddable":true,"href":"https:\/\/www.europesays.com\/fr\/wp-json\/wp\/v2\/media\/187912"}],"wp:attachment":[{"href":"https:\/\/www.europesays.com\/fr\/wp-json\/wp\/v2\/media?parent=187911"}],"wp:term":[{"taxonomy":"category","embeddable":true,"href":"https:\/\/www.europesays.com\/fr\/wp-json\/wp\/v2\/categories?post=187911"},{"taxonomy":"post_tag","embeddable":true,"href":"https:\/\/www.europesays.com\/fr\/wp-json\/wp\/v2\/tags?post=187911"}],"curies":[{"name":"wp","href":"https:\/\/api.w.org\/{rel}","templated":true}]}}