{"id":187923,"date":"2025-06-19T08:08:10","date_gmt":"2025-06-19T08:08:10","guid":{"rendered":"https:\/\/www.europesays.com\/fr\/187923\/"},"modified":"2025-06-19T08:08:10","modified_gmt":"2025-06-19T08:08:10","slug":"poutine-affirme-que-le-rearmement-de-lotan-nest-pas-une-menace-pour-la-russie-2","status":"publish","type":"post","link":"https:\/\/www.europesays.com\/fr\/187923\/","title":{"rendered":"Poutine affirme que le r\u00e9armement de l\u2019Otan n\u2019est pas une \u00ab\u00a0menace\u00a0\u00bb pour la Russie\u2026"},"content":{"rendered":"<p>L\u2019Ukraine reproche \u00e0 la Russie de rejeter les appels au cessez-le-feu depuis cent jours<\/p>\n<p>L\u2019Ukraine a reproch\u00e9 jeudi \u00e0 la Russie de refuser depuis cent jours les appels au cessez-le-feu, lanc\u00e9s \u00e0 l\u2019initiative des Etats-Unis, pour mettre fin \u00e0 trois ann\u00e9es de guerre.<\/p>\n<p>\u00ab\u00a0Cela fait exactement cent jours que l\u2019Ukraine a accept\u00e9 sans condition la proposition de paix des Etats-Unis pour un cessez-le-feu total, l\u2019arr\u00eat des tueries et l\u2019ouverture d\u2019un v\u00e9ritable processus de paix. Et cela fait exactement cent jours que la Russie rejette cette premi\u00e8re \u00e9tape fondamentale vers la paix\u00a0\u00bb, a d\u00e9clar\u00e9 le ministre des Affaires \u00e9trang\u00e8res Andri\u00ef Sybiga dans un communiqu\u00e9.<\/p>\n<p>Emmanuel Macron va se rendre en Norv\u00e8ge avant le sommet de l\u2019Otan<\/p>\n<p>Le pr\u00e9sident fran\u00e7ais Emmanuel Macron se rendra lundi et mardi en Norv\u00e8ge pour renforcer la coop\u00e9ration notamment en mati\u00e8re de d\u00e9fense avant de se rendre au sommet de l\u2019Otan, a annonc\u00e9 jeudi l\u2019Elys\u00e9e.<\/p>\n<p>Pour cette premi\u00e8re visite d\u2019un chef de l\u2019Etat fran\u00e7ais dans le pays nordique depuis\u00a01984, les deux pays \u00ab\u00a0rehausseront leur relation au rang de partenariat strat\u00e9gique, avec la signature d\u2019un accord qui viendra structurer et renforcer des coop\u00e9rations d\u00e9j\u00e0 denses en mati\u00e8re de s\u00e9curit\u00e9 et de d\u00e9fense, de comp\u00e9titivit\u00e9, d\u2019innovation et de technologies avanc\u00e9es, de transition \u00e9nerg\u00e9tique et \u00e9cologique\u00a0\u00bb, a d\u00e9clar\u00e9 la pr\u00e9sidence fran\u00e7aise.<\/p>\n<p>Le d\u00e9placement en Norv\u00e8ge, pays membre de l\u2019Otan mais pas de l\u2019Union europ\u00e9enne, sera \u00ab\u00a0l\u2019occasion de r\u00e9affirmer la position europ\u00e9enne face aux conflits en Ukraine et au Proche et Moyen-Orient\u00a0\u00bb, indique l\u2019Elys\u00e9e.<\/p>\n<p>Les conditions de Poutine pour une rencontre avec Zelensky<\/p>\n<p>Le pr\u00e9sident ukrainien Volodymyr Zelensky a appel\u00e9 Vladimir Poutine \u00e0 se rencontrer en personne pour trouver une issue au conflit, une option rejet\u00e9e Moscou, tout comme les demandes de Kiev pour un cessez-le-feu inconditionnel. Ce jeudi, le pr\u00e9sident russe a toutefois dit \u00eatre ouvert \u00e0 un tel sommet, mais uniquement dans le cadre de la \u00ab\u00a0derni\u00e8re \u00e9tape\u00a0\u00bb des n\u00e9gociations.<\/p>\n<p>Poutine affirme que le r\u00e9armement de l\u2019Otan n\u2019est pas une \u00ab\u00a0menace\u00a0\u00bb pour la Russie<\/p>\n<p>Vladimir Poutine a affirm\u00e9 ce jeudi que le r\u00e9armement de l\u2019Otan n\u2019\u00e9tait pas une \u00ab\u00a0menace\u00a0\u00bb pour la Russie car son pays a, selon lui, les \u00ab\u00a0capacit\u00e9s de d\u00e9fense\u00a0\u00bb n\u00e9cessaires pour y faire face.<\/p>\n<p>\u00ab\u00a0Nous am\u00e9liorons constamment nos forces arm\u00e9es et nos capacit\u00e9s de d\u00e9fense\u00a0\u00bb, a-t-il encore affirm\u00e9 lors d\u2019un \u00e9change avec des repr\u00e9sentants d\u2019agences de presse \u00e9trang\u00e8res, dont l\u2019AFP, \u00e0 Saint-P\u00e9tersbourg.<\/p>\n<p>Une augmentation des d\u00e9penses des pays membres de l\u2019Otan \u00e0 5\u00a0% de leur PIB cr\u00e9erait des d\u00e9fis \u00ab\u00a0sp\u00e9cifiques\u00a0\u00bb pour la Russie, a-t-il admis, jugeant toutefois que cette hausse des d\u00e9penses n\u2019avait \u00ab\u00a0aucun sens\u00a0\u00bb pour les membres de l\u2019Alliance eux-m\u00eames.<\/p>\n<p>Bienvenue dans ce nouveau Live<\/p>\n<p>Bonjour \u00e0 toutes et \u00e0 tous. Comme chaque jour, la r\u00e9daction de 20 Minutes est mobilis\u00e9e pour vous donner l\u2019ensemble des informations sur la guerre entre Kiev et Moscou.<\/p>\n<p>A ce stade, les pourparlers de paix entre les deux bellig\u00e9rants, engag\u00e9s sous la pression de Donald Trump, sont bloqu\u00e9s, ceux-ci campant sur leurs positions, tr\u00e8s \u00e9loign\u00e9es. Sur le terrain, les forces russes continuent de pilonner chaque jour les villes et villages d\u2019Ukraine. Elles ont men\u00e9 t\u00f4t mercredi une s\u00e9rie d\u2019attaques contre Kiev, faisant au moins 28 morts, l\u2019un des pires bilans dans la capitale depuis\u00a02022.<\/p>\n","protected":false},"excerpt":{"rendered":"L\u2019Ukraine reproche \u00e0 la Russie de rejeter les appels au cessez-le-feu depuis cent jours L\u2019Ukraine a reproch\u00e9 jeudi&hellip;\n","protected":false},"author":2,"featured_media":187924,"comment_status":"","ping_status":"","sticky":false,"template":"","format":"standard","meta":{"footnotes":""},"categories":[5],"tags":[47,11,75,73,1011,27,131,14,74,12,136,132,133,135,134,28],"class_list":{"0":"post-187923","1":"post","2":"type-post","3":"status-publish","4":"format-standard","5":"has-post-thumbnail","7":"category-international","8":"tag-actualite","9":"tag-actualites","10":"tag-donald-trump","11":"tag-etats-unis","12":"tag-fr","13":"tag-france","14":"tag-guerre-en-ukraine","15":"tag-international","16":"tag-monde","17":"tag-news","18":"tag-otan","19":"tag-russie","20":"tag-video","21":"tag-vladimir-poutine","22":"tag-volodymyr-zelensky","23":"tag-world"},"share_on_mastodon":{"url":"https:\/\/pubeurope.com\/@fr\/114709011038004104","error":""},"_links":{"self":[{"href":"https:\/\/www.europesays.com\/fr\/wp-json\/wp\/v2\/posts\/187923","targetHints":{"allow":["GET"]}}],"collection":[{"href":"https:\/\/www.europesays.com\/fr\/wp-json\/wp\/v2\/posts"}],"about":[{"href":"https:\/\/www.europesays.com\/fr\/wp-json\/wp\/v2\/types\/post"}],"author":[{"embeddable":true,"href":"https:\/\/www.europesays.com\/fr\/wp-json\/wp\/v2\/users\/2"}],"replies":[{"embeddable":true,"href":"https:\/\/www.europesays.com\/fr\/wp-json\/wp\/v2\/comments?post=187923"}],"version-history":[{"count":0,"href":"https:\/\/www.europesays.com\/fr\/wp-json\/wp\/v2\/posts\/187923\/revisions"}],"wp:featuredmedia":[{"embeddable":true,"href":"https:\/\/www.europesays.com\/fr\/wp-json\/wp\/v2\/media\/187924"}],"wp:attachment":[{"href":"https:\/\/www.europesays.com\/fr\/wp-json\/wp\/v2\/media?parent=187923"}],"wp:term":[{"taxonomy":"category","embeddable":true,"href":"https:\/\/www.europesays.com\/fr\/wp-json\/wp\/v2\/categories?post=187923"},{"taxonomy":"post_tag","embeddable":true,"href":"https:\/\/www.europesays.com\/fr\/wp-json\/wp\/v2\/tags?post=187923"}],"curies":[{"name":"wp","href":"https:\/\/api.w.org\/{rel}","templated":true}]}}