{"id":187925,"date":"2025-06-19T08:09:12","date_gmt":"2025-06-19T08:09:12","guid":{"rendered":"https:\/\/www.europesays.com\/fr\/187925\/"},"modified":"2025-06-19T08:09:12","modified_gmt":"2025-06-19T08:09:12","slug":"une-vague-de-chaleur-intense-va-toucher-le-pays-les-alpes-maritimes-et-le-var-concernes","status":"publish","type":"post","link":"https:\/\/www.europesays.com\/fr\/187925\/","title":{"rendered":"Une vague de chaleur intense va toucher le pays, les Alpes-Maritimes et le Var concern\u00e9s"},"content":{"rendered":"<p>Le thermom\u00e8tre s\u2019emballe, les ventilateurs tournent d\u00e9j\u00e0 \u00e0 plein r\u00e9gime: le pays est en proie \u00e0 une canicule pr\u00e9coce. Depuis ce matin, 27 d\u00e9partements sont plac\u00e9s en vigilance jaune canicule.<\/p>\n<p>Mercredi, M\u00e9t\u00e9o France a organis\u00e9 un point presse concernant cette premi\u00e8re vague de chaleur de l\u2019\u00e9t\u00e9 2025. L\u2019enjeu: d\u00e9tailler la situation des prochains jours et rappeler les recommandations sanitaires.<\/p>\n<p>Le pr\u00e9visionniste Fran\u00e7ois Gourand a introduit le propos en expliquant en quoi consiste le ph\u00e9nom\u00e8ne qui bloque la circulation atmosph\u00e9rique en ce moment. \u00ab\u00a0La France se trouve prise en \u00e9tau entre deux zones de d\u00e9pression \u00e0 l\u2019ouest et \u00e0 l\u2019est, dans un \u2018\u2018blocage en om\u00e9ga\u2019\u2019 qui entra\u00eene une remont\u00e9e durable d\u2019un flux d\u2019air tr\u00e8s chaud venu d\u2019Afrique.\u00a0\u00bb. Il poursuit: \u00ab\u00a0\u00c0 partir de ce jeudi, les temp\u00e9ratures vont monter encore d\u2019un cran, d\u2019abord dans l\u2019ouest du pays avec 32-35\u00b0C. La chaleur va encore grimper vendredi avec l\u2019influence d\u2019une goutte froide d\u2019altitude sur le proche Atlantique. Les valeurs atteindront fr\u00e9quemment 34 \u00e0 36\u00b0C dans les r\u00e9gions du sud de la France.\u00a0\u00bb<\/p>\n<p><b>Dans notre R\u00e9gion, surtout dimanche<\/b><\/p>\n<p>Les nuits seront de plus en plus chaudes, surtout dans les grandes agglom\u00e9rations, o\u00f9 l\u2019on ne descendra pas sous la barre des 20\u00b0C ce week-end, ce que l\u2019on appelle d\u00e9j\u00e0 des \u00ab\u00a0nuits tropicales\u00a0\u00bb.<\/p>\n<p>La journ\u00e9e de samedi sera le pic de la vague de chaleur, notamment dans l\u2019ouest de la France. La chaleur sera intense et ne faiblira que dans la nuit de samedi \u00e0 dimanche.<\/p>\n<p>Dimanche, la chaleur persistera sur les r\u00e9gions de l\u2019Est avec jusqu\u2019\u00e0 35\u00b0C en Auvergne-Rh\u00f4ne-Alpes. Des pics de chaleur qui atteindront alors le sud-est, avant m\u00eame le d\u00e9but de l\u2019\u00e9t\u00e9. Dans notre r\u00e9gion, les 39 degr\u00e9s seront atteints.<\/p>\n<p>\u00ab\u00a0Ces niveaux de chaleur sont remarquables pour un mois de juin, sans pour autant \u00eatre in\u00e9dits. La vague de chaleur de juin 2022 fut la plus pr\u00e9coce (15-19 juin) jamais enregistr\u00e9e \u00e0 l\u2019\u00e9chelle nationale. La fa\u00e7ade ouest du pays fut la plus impact\u00e9e. La vague de chaleur de juin 2019 fut la plus intense. La France avait alors enregistr\u00e9 sa journ\u00e9e la plus chaude, et la temp\u00e9rature avait atteint la valeur in\u00e9dite de 46,0\u00b0C \u00e0 V\u00e9rargues dans l\u2019H\u00e9rault. En juin 1976, la France avait \u00e9t\u00e9 touch\u00e9e par une vague de chaleur remarquablement longue, qui avait dur\u00e9 14 jours (23 juin au 6 juillet). Celle de juin 2005 avait dur\u00e9 11 jours\u00a0\u00bb, indique M\u00e9t\u00e9o France.<\/p>\n<p>Mais cette canicule n\u2019est pas un simple \u00e9pisode estival: elle s\u2019inscrit dans une tendance plus large et pr\u00e9occupante. Car au-del\u00e0 de l\u2019inconfort imm\u00e9diat, elle soul\u00e8ve une question de fond \u2014 celle de l\u2019acc\u00e9l\u00e9ration du changement climatique et de ses effets concrets sur nos vies quotidiennes. \u00a0\u00bb La France a connu 17 vagues de chaleur avant 2000, et deux fois plus apr\u00e8s cette ann\u00e9e-l\u00e0. On les observe de plus en plus t\u00f4t. Nous conna\u00eetrons un jour des pics \u00e0 plus de 50\u00b0C. Mais quand&#8230;\u00a0\u00bb, souligne le climatologue Matthieu Sorel.<\/p>\n<p><b>Les bons gestes \u00e0 adopter<\/b><\/p>\n<p>Face \u00e0 cet \u00e9pisode caniculaire, M\u00e9t\u00e9o France rappelle d\u2019appliquer rigoureusement les mesures de pr\u00e9vention suivantes:<\/p>\n<p>&gt; Boire r\u00e9guli\u00e8rement de l\u2019eau sans attendre d\u2019avoir soif<\/p>\n<p>&gt; Se rafra\u00eechir et se mouiller le corps (au moins le visage et les avants bras) plusieurs fois par jour<\/p>\n<p>&gt; Manger frais et \u00e9quilibr\u00e9 et ne pas boire d\u2019alcool<\/p>\n<p>&gt; \u00c9viter de sortir aux heures les plus chaudes et passer plusieurs heures par jour dans un lieu frais (cin\u00e9ma, biblioth\u00e8que municipale, supermarch\u00e9&#8230;)<\/p>\n<p>&gt; \u00c9viter les efforts physiques.<\/p>\n<p>&gt; Maintenir son logement frais (fermer fen\u00eatres et volets la journ\u00e9e, les ouvrir le soir et la nuit s\u2019il fait plus frais)<\/p>\n<p>&gt; Penser \u00e0 prendre et donner r\u00e9guli\u00e8rement des nouvelles de ses proches, notamment les plus fragiles. Cette vague de chaleur sera la 50e recens\u00e9e par M\u00e9t\u00e9o France depuis 1947.<\/p>\n","protected":false},"excerpt":{"rendered":"Le thermom\u00e8tre s\u2019emballe, les ventilateurs tournent d\u00e9j\u00e0 \u00e0 plein r\u00e9gime: le pays est en proie \u00e0 une canicule&hellip;\n","protected":false},"author":2,"featured_media":187926,"comment_status":"","ping_status":"","sticky":false,"template":"","format":"standard","meta":{"footnotes":""},"categories":[4],"tags":[11,1011,27,2487,12,25],"class_list":{"0":"post-187925","1":"post","2":"type-post","3":"status-publish","4":"format-standard","5":"has-post-thumbnail","7":"category-france","8":"tag-actualites","9":"tag-fr","10":"tag-france","11":"tag-meteo","12":"tag-news","13":"tag-republique-francaise"},"share_on_mastodon":{"url":"https:\/\/pubeurope.com\/@fr\/114709015031922780","error":""},"_links":{"self":[{"href":"https:\/\/www.europesays.com\/fr\/wp-json\/wp\/v2\/posts\/187925","targetHints":{"allow":["GET"]}}],"collection":[{"href":"https:\/\/www.europesays.com\/fr\/wp-json\/wp\/v2\/posts"}],"about":[{"href":"https:\/\/www.europesays.com\/fr\/wp-json\/wp\/v2\/types\/post"}],"author":[{"embeddable":true,"href":"https:\/\/www.europesays.com\/fr\/wp-json\/wp\/v2\/users\/2"}],"replies":[{"embeddable":true,"href":"https:\/\/www.europesays.com\/fr\/wp-json\/wp\/v2\/comments?post=187925"}],"version-history":[{"count":0,"href":"https:\/\/www.europesays.com\/fr\/wp-json\/wp\/v2\/posts\/187925\/revisions"}],"wp:featuredmedia":[{"embeddable":true,"href":"https:\/\/www.europesays.com\/fr\/wp-json\/wp\/v2\/media\/187926"}],"wp:attachment":[{"href":"https:\/\/www.europesays.com\/fr\/wp-json\/wp\/v2\/media?parent=187925"}],"wp:term":[{"taxonomy":"category","embeddable":true,"href":"https:\/\/www.europesays.com\/fr\/wp-json\/wp\/v2\/categories?post=187925"},{"taxonomy":"post_tag","embeddable":true,"href":"https:\/\/www.europesays.com\/fr\/wp-json\/wp\/v2\/tags?post=187925"}],"curies":[{"name":"wp","href":"https:\/\/api.w.org\/{rel}","templated":true}]}}