{"id":187929,"date":"2025-06-19T08:11:19","date_gmt":"2025-06-19T08:11:19","guid":{"rendered":"https:\/\/www.europesays.com\/fr\/187929\/"},"modified":"2025-06-19T08:11:19","modified_gmt":"2025-06-19T08:11:19","slug":"nawell-madani-bun-hay-mean-et-anne-roumanoff-programmes","status":"publish","type":"post","link":"https:\/\/www.europesays.com\/fr\/187929\/","title":{"rendered":"Nawell Madani, Bun Hay Mean et Anne Roumanoff programm\u00e9s"},"content":{"rendered":"<p>L e 12\u00a0juin dernier, le Centre de congr\u00e8s de Saint-\u00c9tienne a fait le plein pour la venue de l\u2019humoriste Guillaume Meurice en duo avec l\u2019astrophysicien \u00c9ric Lagadec. Le festival ArcomiK a traditionnellement lieu en hiver mais depuis plusieurs ann\u00e9es, des repr\u00e9sentations estampill\u00e9es \u00e0 son nom sont diss\u00e9min\u00e9es tout au long de la saison\u00a0: \u00ab\u00a0Beaucoup d\u2019humoristes souhaitent venir mais les contraintes d\u2019agenda font qu\u2019on ne peut pas toujours les programmer. Donc on leur propose des dates hors festival\u00a0\u00bb, justifie Farid Bouabdellah, directeur artistique de l\u2019\u00e9v\u00e9nement. <\/p>\n<p>  \u00ab\u00a0Une nouvelle commune s\u2019associe au projet pour la prochaine \u00e9dition\u00a0\u00bb<\/p>\n<p>Jeudi 26\u00a0juin (20 heures), le festival propose une soir\u00e9e Arcomedy Klub au Novotel de Ch\u00e2teaucreux (\u00ab\u00a0c\u2019est complet depuis trois semaines\u00a0\u00bb) et cet automne, les organisateurs ont d\u00e9j\u00e0 programm\u00e9 Marine L\u00e9onardi (6\u00a0novembre, complet. Elle repasse le 11\u00a0f\u00e9vrier\u00a02026 au Firmament), Houria Les Yeux Verts (7\u00a0novembre) et Yacine Belhousse (22\u00a0novembre) au Centre de congr\u00e8s de Saint-\u00c9tienne.<\/p>\n<p><a href=\"https:\/\/www.leprogres.fr\/videos\/ia-pesticides-laurent-wauquiez-dans-l-univers-de-guillaume-meurice-30x3vf3\" target=\"_blank\" rel=\"nofollow noopener\">Ces derni\u00e8res semaines<\/a> , ArcomiK a d\u00e9voil\u00e9 les onze premiers noms de sa 23e \u00e9dition (en f\u00e9vrier\u00a02026)\u00a0: \u00ab\u00a0On a fait 10\u00a0000 spectateurs payants en 2025. En 2026, on devrait en avoir davantage parce qu\u2019on va faire pas mal de grandes salles avec vingt-cinq spectacles\u00a0\u00bb, <a href=\"https:\/\/www.leprogres.fr\/culture-loisirs\/2025\/02\/16\/arcomik-la-polemique-autour-de-merwane-benlazar-est-un-non-evenement\" target=\"_blank\" rel=\"nofollow noopener\">pr\u00e9voit Farid Bouabdellah<\/a>. Des repr\u00e9sentations qui ont lieu dans plusieurs villes de la m\u00e9tropole st\u00e9phanoise (Saint-\u00c9tienne, Firminy, Le Chambon-Feugerolles, Saint-Paul-en-Jarez\u2026)\u00a0: \u00ab\u00a0Une nouvelle commune s\u2019associe au projet pour la prochaine \u00e9dition.\u00a0\u00bb<\/p>\n<p>  En 2009, Bun Hay Mean avait gagn\u00e9 le tremplin \u00ab\u00a0nouveaux talents\u00a0\u00bb du festival<\/p>\n<p>Parmi ces artistes annonc\u00e9s, on retrouve Nawell Madani, d\u00e9j\u00e0 \u00e0 l\u2019affiche en 2025\u00a0: \u00ab\u00a0Son spectacle avait \u00e9t\u00e9 tr\u00e8s rapidement complet alors on a voulu la reprogrammer. Elle sera sur la sc\u00e8ne de l\u2019Op\u00e9ra de Saint-\u00c9tienne le 14\u00a0f\u00e9vrier\u00a02026.\u00a0\u00bb<\/p>\n<p><a href=\"https:\/\/www.leprogres.fr\/culture-loisirs\/2025\/01\/12\/anne-roumanoff-je-suis-emerveillee-d-etre-encore-la\" target=\"_blank\" rel=\"nofollow noopener\">La tr\u00e8s habitu\u00e9e Anne Roumanoff<\/a> (le 19\u00a0f\u00e9vrier\u00a02026 au Centre de Congr\u00e8s de Saint-\u00c9tienne) fera elle aussi son retour\u00a0: \u00ab\u00a0Elle fait partie du patrimoine du festival et chaque ann\u00e9e son spectacle se renouvelle. On l\u2019a d\u00e9j\u00e0 fait venir une quinzaine de fois\u00a0\u00bb, selon Farid Bouabdellah. Bun Hay Mean (20\u00a0f\u00e9vrier\u00a02026 au Centre de Congr\u00e8s de Saint-\u00c9tienne) est, lui, devenu un habitu\u00e9 d\u2019ArcomiK\u00a0: \u00ab\u00a0Il avait gagn\u00e9 le tremplin \u201cnouveaux talents\u201d du festival au th\u00e9\u00e2tre de Beaulieu (en 2009, lorsque l\u2019\u00e9v\u00e9nement cr\u00e9\u00e9 en 2003 s\u2019appelait \u201cfestival des arts burlesques\u201d, NDLR) et il revient avec un nouveau show\u00a0\u00bb.<\/p>\n<p>  Deux soir\u00e9es ArcomiK sur France 4 le 27\u00a0juin<\/p>\n<p>Autre actu pour le festival\u00a0: vendredi 27\u00a0juin, France 4 consacrera toute sa soir\u00e9e \u00e0 ArcomiK. \u00c0 21 heures, la cha\u00eene diffusera la \u00ab\u00a0Murder Party d\u2019\u00c9lodie Arnould\u00a0\u00bb, <a href=\"https:\/\/www.leprogres.fr\/culture-loisirs\/2025\/03\/16\/arcomik-elodie-arnould-et-son-murder-gala-en-images\" target=\"_blank\" rel=\"nofollow noopener\">un spectacle enregistr\u00e9 le 14\u00a0mars dernier \u00e0 La Forge au Chambon-Feugerolles<\/a>. Au g\u00e9n\u00e9rique de ce \u00ab\u00a0gala au cours duquel nous suivrons l\u2019\u00e9volution d\u2019une enqu\u00eate dans un d\u00e9cor proche de l\u2019univers de Sherlock Holmes\u00a0\u00bb, selon le groupe audiovisuel\u00a0: Jean-Luc Lemoine, Swann P\u00e9riss\u00e9, Donel Jack\u2019sman, le trio LEJ, Candiie Shoo, Florian Lex, Umut Koker et Alicia Cesttout\u2026<\/p>\n<p>\u00ab\u00a0Des sayn\u00e8tes seront \u00e9galement jou\u00e9es dans des lieux embl\u00e9matiques du patrimoine Le Corbusier \u00e0 Firminy, ajoutant une dimension unique et immersive \u00e0 l\u2019\u00e9v\u00e9nement.\u00a0\u00bb <\/p>\n<p><a href=\"https:\/\/www.leprogres.fr\/societe\/2025\/03\/12\/michel-field-le-festival-arcomik-est-plus-qu-artistique\" target=\"_blank\" rel=\"nofollow noopener\">\u00c0 22\u00a0h\u00a040, la cha\u00eene de France T\u00e9l\u00e9visions<\/a> rediffusera \u00ab\u00a0Chicandier et Mathou font leur show \u00e0 Saint-\u00c9tienne\u00a0\u00bb, la soir\u00e9e de captation 2024 avec les deux artistes st\u00e9phanois en ma\u00eetres de c\u00e9r\u00e9monie (au menu\u00a0: La Bajon, Renaud Rutten, Antonia de Rendinger, Alexis Tramoni, Marie Reno, Yanis Kebbab, Lor\u00e0nt Deutsch\u2026) (1).<\/p>\n<p>\u00ab\u00a0C\u2019est une grosse visibilit\u00e9 pour nous\u00a0! Aujourd\u2019hui, ArcomiK est l\u2019un des plus importants festivals d\u2019humour de France et il est n\u00e9 \u00e0 Saint-\u00c9tienne, au Th\u00e9\u00e2tre de Beaulieu, rappelle Farid Bouabdellah. Aujourd\u2019hui, une cinquantaine de b\u00e9n\u00e9voles, issus de diff\u00e9rents milieux sociaux, font partie de l\u2019\u00e9quipe.\u00a0\u00bb<\/p>\n<p class=\"note\">Vendredi 27\u00a0juin sur France 4 \u00a0: \u00ab\u00a0La Murder Party d\u2019\u00c9lodie Arnould au festival ArcomiK\u00a0\u00bb (21 heures), \u00ab\u00a0Chicandier et Mathou font leur show \u00e0 Saint-\u00c9tienne\u00a0\u00bb (22\u00a0h\u00a040).<\/p>\n","protected":false},"excerpt":{"rendered":"L e 12\u00a0juin dernier, le Centre de congr\u00e8s de Saint-\u00c9tienne a fait le plein pour la venue de&hellip;\n","protected":false},"author":2,"featured_media":187930,"comment_status":"","ping_status":"","sticky":false,"template":"","format":"standard","meta":{"footnotes":""},"categories":[9653],"tags":[1111,11,2430,1687,7539,1777,674,1011,27,12,25,4001,7538,3140],"class_list":{"0":"post-187929","1":"post","2":"type-post","3":"status-publish","4":"format-standard","5":"has-post-thumbnail","7":"category-saint-etienne","8":"tag-actu","9":"tag-actualites","10":"tag-auvergne-rhone-alpes","11":"tag-culture-loisirs","12":"tag-edition-loire-sud","13":"tag-eu","14":"tag-europe","15":"tag-fr","16":"tag-france","17":"tag-news","18":"tag-republique-francaise","19":"tag-saint-etienne","20":"tag-saint-etienne-ville","21":"tag-spectacle"},"share_on_mastodon":{"url":"https:\/\/pubeurope.com\/@fr\/114709022941349664","error":""},"_links":{"self":[{"href":"https:\/\/www.europesays.com\/fr\/wp-json\/wp\/v2\/posts\/187929","targetHints":{"allow":["GET"]}}],"collection":[{"href":"https:\/\/www.europesays.com\/fr\/wp-json\/wp\/v2\/posts"}],"about":[{"href":"https:\/\/www.europesays.com\/fr\/wp-json\/wp\/v2\/types\/post"}],"author":[{"embeddable":true,"href":"https:\/\/www.europesays.com\/fr\/wp-json\/wp\/v2\/users\/2"}],"replies":[{"embeddable":true,"href":"https:\/\/www.europesays.com\/fr\/wp-json\/wp\/v2\/comments?post=187929"}],"version-history":[{"count":0,"href":"https:\/\/www.europesays.com\/fr\/wp-json\/wp\/v2\/posts\/187929\/revisions"}],"wp:featuredmedia":[{"embeddable":true,"href":"https:\/\/www.europesays.com\/fr\/wp-json\/wp\/v2\/media\/187930"}],"wp:attachment":[{"href":"https:\/\/www.europesays.com\/fr\/wp-json\/wp\/v2\/media?parent=187929"}],"wp:term":[{"taxonomy":"category","embeddable":true,"href":"https:\/\/www.europesays.com\/fr\/wp-json\/wp\/v2\/categories?post=187929"},{"taxonomy":"post_tag","embeddable":true,"href":"https:\/\/www.europesays.com\/fr\/wp-json\/wp\/v2\/tags?post=187929"}],"curies":[{"name":"wp","href":"https:\/\/api.w.org\/{rel}","templated":true}]}}