{"id":187935,"date":"2025-06-19T08:14:16","date_gmt":"2025-06-19T08:14:16","guid":{"rendered":"https:\/\/www.europesays.com\/fr\/187935\/"},"modified":"2025-06-19T08:14:16","modified_gmt":"2025-06-19T08:14:16","slug":"football-match-de-preparation-nancy","status":"publish","type":"post","link":"https:\/\/www.europesays.com\/fr\/187935\/","title":{"rendered":"Football. Match de pr\u00e9paration\u00a0: Nancy"},"content":{"rendered":"<p>Le 22\u00a0juillet prochain, alors que le SA Spinalien livrera son deuxi\u00e8me match de pr\u00e9paration \u00e0 la saison 2025-2026 du c\u00f4t\u00e9 de Riquewihr, face \u00e0 Biesheim (N2), le stade de la Colombi\u00e8re devait servir de cadre \u00e0 une autre rencontre amicale d\u2019avant-saison. Un match qui doit opposer l\u2019AS Nancy Lorraine, promue en Ligue 2 et alors en stage sur les installations de Vittel, au Racing Club de Strasbourg, 7e\u00a0 du dernier championnat de Ligue 1.<\/p>\n<p>Finalement, cette affiche n\u2019aura pas lieu dans l\u2019enceinte vosgienne. C\u2019est au Stadium de Colmar (coup d\u2019envoi \u00e0 19h) que ces deux \u00e9quipes en d\u00e9coudront.<\/p>\n<p>Ce contenu est bloqu\u00e9 car vous n&rsquo;avez pas accept\u00e9 les cookies et autres traceurs.<\/p>\n<p>En cliquant sur \u00ab J\u2019accepte \u00bb, les cookies et autres traceurs seront d\u00e9pos\u00e9s et vous pourrez visualiser les contenus  (<a href=\"\" class=\"consentModule_policy\" target=\"_blank\" title=\"Consulter la politique de protection des donn\u00e9es du fournisseur\">plus d&rsquo;informations<\/a>).<\/p>\n<p>En cliquant sur \u00ab J\u2019accepte tous les cookies \u00bb, vous autorisez des d\u00e9p\u00f4ts de cookies et autres traceurs pour le stockage de vos donn\u00e9es sur nos sites et applications \u00e0 des fins de personnalisation et de ciblage publicitaire.<\/p>\n<p class=\"consentModule_secondaryText\">Vous gardez la possibilit\u00e9 de retirer votre consentement \u00e0 tout moment en consultant notre <a href=\"https:\/\/www.vosgesmatin.fr\/protection-des-donnees\" target=\"_blank\" title=\"Consulter notre politique de protection des donn\u00e9es\" rel=\"noopener\">politique de protection des donn\u00e9es<\/a>. <br \/>&#13;<br \/>\n            <a href=\"https:\/\/www.vosgesmatin.fr\/sport\/2025\/06\/19\/javascript:Didomi.notice.show()\" class=\"consentModule_cmp\" target=\"_blank\" rel=\"noopener\">G\u00e9rer mes choix<\/a>&#13;\n        <\/p>\n<p>&#13;<br \/>\n                        J&rsquo;accepte&#13;<br \/>\n            J&rsquo;accepte tous les cookies&#13;\n        <\/p>\n","protected":false},"excerpt":{"rendered":"Le 22\u00a0juillet prochain, alors que le SA Spinalien livrera son deuxi\u00e8me match de pr\u00e9paration \u00e0 la saison 2025-2026&hellip;\n","protected":false},"author":2,"featured_media":187936,"comment_status":"","ping_status":"","sticky":false,"template":"","format":"standard","meta":{"footnotes":""},"categories":[9635],"tags":[1111,11,1796,778,19336,1777,674,107,1701,17649,1795,63,1011,27,775,1702,12,25,517,1700],"class_list":{"0":"post-187935","1":"post","2":"type-post","3":"status-publish","4":"format-standard","5":"has-post-thumbnail","7":"category-nancy","8":"tag-actu","9":"tag-actualites","10":"tag-edition-epinal","11":"tag-epinal","12":"tag-epinal-ville-88a","13":"tag-eu","14":"tag-europe","15":"tag-fil-info","16":"tag-fil-info-sport","17":"tag-fil-print","18":"tag-fil-web","19":"tag-football","20":"tag-fr","21":"tag-france","22":"tag-grand-est","23":"tag-nancy","24":"tag-news","25":"tag-republique-francaise","26":"tag-sport","27":"tag-sport-lorrain"},"share_on_mastodon":{"url":"https:\/\/pubeurope.com\/@fr\/114709034653014768","error":""},"_links":{"self":[{"href":"https:\/\/www.europesays.com\/fr\/wp-json\/wp\/v2\/posts\/187935","targetHints":{"allow":["GET"]}}],"collection":[{"href":"https:\/\/www.europesays.com\/fr\/wp-json\/wp\/v2\/posts"}],"about":[{"href":"https:\/\/www.europesays.com\/fr\/wp-json\/wp\/v2\/types\/post"}],"author":[{"embeddable":true,"href":"https:\/\/www.europesays.com\/fr\/wp-json\/wp\/v2\/users\/2"}],"replies":[{"embeddable":true,"href":"https:\/\/www.europesays.com\/fr\/wp-json\/wp\/v2\/comments?post=187935"}],"version-history":[{"count":0,"href":"https:\/\/www.europesays.com\/fr\/wp-json\/wp\/v2\/posts\/187935\/revisions"}],"wp:featuredmedia":[{"embeddable":true,"href":"https:\/\/www.europesays.com\/fr\/wp-json\/wp\/v2\/media\/187936"}],"wp:attachment":[{"href":"https:\/\/www.europesays.com\/fr\/wp-json\/wp\/v2\/media?parent=187935"}],"wp:term":[{"taxonomy":"category","embeddable":true,"href":"https:\/\/www.europesays.com\/fr\/wp-json\/wp\/v2\/categories?post=187935"},{"taxonomy":"post_tag","embeddable":true,"href":"https:\/\/www.europesays.com\/fr\/wp-json\/wp\/v2\/tags?post=187935"}],"curies":[{"name":"wp","href":"https:\/\/api.w.org\/{rel}","templated":true}]}}