{"id":187937,"date":"2025-06-19T08:15:11","date_gmt":"2025-06-19T08:15:11","guid":{"rendered":"https:\/\/www.europesays.com\/fr\/187937\/"},"modified":"2025-06-19T08:15:11","modified_gmt":"2025-06-19T08:15:11","slug":"une-journee-sous-le-signe-de-la-transmission","status":"publish","type":"post","link":"https:\/\/www.europesays.com\/fr\/187937\/","title":{"rendered":"une journ\u00e9e sous le signe de la transmission"},"content":{"rendered":"\n<p>Ils \u00e9taient environ soixante, militaires, \u00e9lus et civils, \u00e0 c\u00e9l\u00e9brer les 85\u00a0ans de l\u2019appel du 18\u00a0juin, dont Louis Fiori, ancien capitaine de fr\u00e9gate et pr\u00e9sident honoraire de l\u2019Association varoise de l\u2019appel du 18\u00a0Juin, qui fit la lecture en guise de traditionnelle introduction.<\/p>\n<p>\u00c2g\u00e9 de 94\u00a0ans, ce fils d\u2019immigr\u00e9s italiens arriv\u00e9s \u00e0 Draguignan pour fuir la dictature de Mussolini a \u00e9t\u00e9 relay\u00e9 par deux \u00e9l\u00e8ves du coll\u00e8ge Maurice-Genevoix, Maria et Luna, qui ont lu un discours pr\u00e9par\u00e9 par la d\u00e9l\u00e9gation varoise de la Fondation de la France Libre. Un symbole de transmission, pour que \u00ab\u00a0les Fran\u00e7ais et la jeunesse se rappellent que face \u00e0 la d\u00e9route, (&#8230;), il y eut des hommes et des femmes de France, de sa M\u00e9tropole \u00e0 son outre-mer, engag\u00e9s pour ses valeurs de libert\u00e9, qui ont tout sacrifi\u00e9 au p\u00e9ril de leur vie\u00a0\u00bb, rappelant \u00e0 nos g\u00e9n\u00e9rations jusqu\u2019ici \u00e9pargn\u00e9es que \u00ab\u00a0parmi les engag\u00e9s, des jeunes ont interrompu leurs \u00e9tudes et n\u2019ont eu aucun avantage apr\u00e8s guerre\u00a0\u00bb.<\/p>\n<p>Le pr\u00e9fet du Var, Simon Babre a ensuite salu\u00e9 la m\u00e9moire du g\u00e9n\u00e9ral de Gaulle \u00ab\u00a0une voix ferme, solitaire, proph\u00e9tique. (&#8230;) Une voix que la d\u00e9faite n\u2019a pas recouverte (&#8230;) dans l\u2019\u00e9clat bris\u00e9 d\u2019un monde en d\u00e9route, au milieu des cendres d\u2019un pays d\u00e9poss\u00e9d\u00e9. (&#8230;) Son appel fut un acte de foi sans t\u00e9moin, une promesse sans preuve, une parole d\u2019avant victoire. Et cette parole devint combat\u00a0\u00bb. La c\u00e9r\u00e9monie s\u2019est achev\u00e9e par une Marseillaise, pr\u00e9c\u00e9d\u00e9e par le d\u00e9p\u00f4t des gerbes, au cours duquel Magali Brunel (PS) et Andr\u00e9 de Ubeda (PC), \u00e9lus d\u2019opposition \u00e0 la mairie de Toulon, ont tourn\u00e9 le dos lorsque la d\u00e9put\u00e9e RN Laure Lavalette fut appel\u00e9e. Car si l\u2019\u00e9charpe tricolore peut parfois tromper, la m\u00e9moire, elle, ne s\u2019accapare ni ne se travestit.<\/p>\n","protected":false},"excerpt":{"rendered":"Ils \u00e9taient environ soixante, militaires, \u00e9lus et civils, \u00e0 c\u00e9l\u00e9brer les 85\u00a0ans de l\u2019appel du 18\u00a0juin, dont Louis&hellip;\n","protected":false},"author":2,"featured_media":187938,"comment_status":"","ping_status":"","sticky":false,"template":"","format":"standard","meta":{"footnotes":""},"categories":[9619],"tags":[1111,11,12125,1777,674,1011,27,12,882,25,2310],"class_list":{"0":"post-187937","1":"post","2":"type-post","3":"status-publish","4":"format-standard","5":"has-post-thumbnail","7":"category-toulon","8":"tag-actu","9":"tag-actualites","10":"tag-adam-benhammouda","11":"tag-eu","12":"tag-europe","13":"tag-fr","14":"tag-france","15":"tag-news","16":"tag-provence-alpes-cote-dazur","17":"tag-republique-francaise","18":"tag-toulon"},"share_on_mastodon":{"url":"https:\/\/pubeurope.com\/@fr\/114709038546970516","error":""},"_links":{"self":[{"href":"https:\/\/www.europesays.com\/fr\/wp-json\/wp\/v2\/posts\/187937","targetHints":{"allow":["GET"]}}],"collection":[{"href":"https:\/\/www.europesays.com\/fr\/wp-json\/wp\/v2\/posts"}],"about":[{"href":"https:\/\/www.europesays.com\/fr\/wp-json\/wp\/v2\/types\/post"}],"author":[{"embeddable":true,"href":"https:\/\/www.europesays.com\/fr\/wp-json\/wp\/v2\/users\/2"}],"replies":[{"embeddable":true,"href":"https:\/\/www.europesays.com\/fr\/wp-json\/wp\/v2\/comments?post=187937"}],"version-history":[{"count":0,"href":"https:\/\/www.europesays.com\/fr\/wp-json\/wp\/v2\/posts\/187937\/revisions"}],"wp:featuredmedia":[{"embeddable":true,"href":"https:\/\/www.europesays.com\/fr\/wp-json\/wp\/v2\/media\/187938"}],"wp:attachment":[{"href":"https:\/\/www.europesays.com\/fr\/wp-json\/wp\/v2\/media?parent=187937"}],"wp:term":[{"taxonomy":"category","embeddable":true,"href":"https:\/\/www.europesays.com\/fr\/wp-json\/wp\/v2\/categories?post=187937"},{"taxonomy":"post_tag","embeddable":true,"href":"https:\/\/www.europesays.com\/fr\/wp-json\/wp\/v2\/tags?post=187937"}],"curies":[{"name":"wp","href":"https:\/\/api.w.org\/{rel}","templated":true}]}}