{"id":18794,"date":"2025-04-12T01:53:19","date_gmt":"2025-04-12T01:53:19","guid":{"rendered":"https:\/\/www.europesays.com\/fr\/18794\/"},"modified":"2025-04-12T01:53:19","modified_gmt":"2025-04-12T01:53:19","slug":"paris-marches-nerveux-apres-la-riposte-de-pekin-a-trump-11-04-2025-a-1104","status":"publish","type":"post","link":"https:\/\/www.europesays.com\/fr\/18794\/","title":{"rendered":"Paris: march\u00e9s nerveux apr\u00e8s la riposte de P\u00e9kin \u00e0 Trump &#8211; 11\/04\/2025 \u00e0 11:04"},"content":{"rendered":"<p>                                                                (CercleFinance.com) &#8211; Apr\u00e8s avoir gagn\u00e9 plus de 1% peu apr\u00e8s l&rsquo;ouverture, la bourse de Paris c\u00e8de pr\u00e8s de 1,2%, autour des 7040 points, p\u00e9nalis\u00e9e par Stellantis (-4,4%), Safran (-3,9%) ou encore Airbus (-3,8%).<\/p>\n<p>Le rebond qui s&rsquo;\u00e9tait dessin\u00e9 sur les march\u00e9s apr\u00e8s la volte-face de Donald Trump en mati\u00e8re de droit de douane (10% pour tout le monde, hors Chine) peine \u00e0 se concr\u00e9tiser.\n<\/p>\n<p>En effet, Washington et P\u00e9kin se livrent d\u00e9sormais un singulier duel et, \u00e0 ce titre, c&rsquo;est surtout l&rsquo;escalade qui l&#8217;emporte : la Chine vient d&rsquo;annoncer ce matin qu&rsquo;elle porterait ses droits de douane additionnels de 84% \u00e0 125% sur les biens US \u00e0 compter de demain.\n<\/p>\n<p>Le vent d&rsquo;incertitude qui souffle sur les march\u00e9s est donc encore loin d&rsquo;\u00eatre lev\u00e9, comme en a d&rsquo;ailleurs t\u00e9moign\u00e9, hier, la cl\u00f4ture des march\u00e9s US avec -2.5% pour le Dow Jones, -3.5% pour le S&amp;P500 ou encore -4.3% pour le Nasdaq.\n<\/p>\n<p>D&rsquo;apr\u00e8s les strat\u00e8ges, les march\u00e9s boursiers pourraient encore conna\u00eetre de nouvelles s\u00e9ances \u00e9prouvantes si rien ne devait venir apaiser les craintes concernant la guerre commerciale et le regain d&rsquo;inqui\u00e9tudes autour de l&rsquo;\u00e9conomie mondiale.\n<\/p>\n<p>La nervosit\u00e9 n&rsquo;\u00e9pargne d\u00e9sormais plus aucun secteur, comme l&rsquo;illustre la tension constat\u00e9e au niveau du rendement des Treasuries am\u00e9ricains \u00e0 dix ans, qui remonte \u00e0 pr\u00e8s de 4,42% (+2pts) en raison des craintes entourant de prochaines baisses d&rsquo;imp\u00f4ts insuffisamment financ\u00e9es par des r\u00e9ductions budg\u00e9taires.\n<\/p>\n<p>Sur le front des statistiques, le taux d&rsquo;inflation en Allemagne &#8211; mesur\u00e9 comme la variation sur un an de l&rsquo;indice des prix \u00e0 la consommation (IPC) &#8211; a \u00e9t\u00e9 confirm\u00e9 par Destatis \u00e0 +2,2% en mars, en l\u00e9g\u00e8re baisse donc par rapport \u00e0 celui de +2,3% de f\u00e9vrier, conform\u00e9ment \u00e0 l&rsquo;estimation pr\u00e9liminaire.\n<\/p>\n<p>Cet apr\u00e8s-midi, l&rsquo;indice de confiance du consommateur de l&rsquo;Universit\u00e9 du Michigan sera surveill\u00e9 de pr\u00e8s afin de mesurer le moral des m\u00e9nages am\u00e9ricains.\n<\/p>\n<p>Alors que incertitudes pesant sur la croissance mondiale sont dans tous les esprits, le d\u00e9but de la saison des r\u00e9sultats du premier trimestre pourrait \u00e9galement alimenter la prudence.\n<\/p>\n<p>Les investisseurs craignent en particulier les r\u00e9percussions des tensions commerciales sur les comptes des entreprises, mais surtout sur leurs perspectives.\n<\/p>\n<p>Comme le veut la tradition, ce sont les groupes bancaires JPMorgan, Morgan Stanley et Wells Fargo qui seront les premiers \u00e0 d\u00e9voiler leurs performances, avant le rythme des publications commence \u00e0 acc\u00e9l\u00e9rer lors des semaines suivantes.\n<\/p>\n<p>Dans l&rsquo;actualit\u00e9 des soci\u00e9t\u00e9s tricolores, Soci\u00e9t\u00e9 G\u00e9n\u00e9rale annonce que son conseil d&rsquo;administration a proc\u00e9d\u00e9 au choix de William Connelly pour sa pr\u00e9sidence \u00e0 partir de l&rsquo;assembl\u00e9e g\u00e9n\u00e9rale du 27 mai 2026, sous r\u00e9serve de son renouvellement comme administrateur par l&rsquo;AG du 20 mai 2025.\n<\/p>\n<p>Stellantis a fait \u00e9tat vendredi d&rsquo;une baisse plus marqu\u00e9e que pr\u00e9vu de 9% de ses facturations consolid\u00e9es mondiales au premier trimestre, toujours sous l&rsquo;effet de ses difficult\u00e9s en Am\u00e9rique du Nord.<\/p>\n","protected":false},"excerpt":{"rendered":"(CercleFinance.com) &#8211; Apr\u00e8s avoir gagn\u00e9 plus de 1% peu apr\u00e8s l&rsquo;ouverture, la bourse de Paris c\u00e8de pr\u00e8s de&hellip;\n","protected":false},"author":2,"featured_media":8765,"comment_status":"","ping_status":"","sticky":false,"template":"","format":"standard","meta":{"footnotes":""},"categories":[1888],"tags":[400,1111,1928,11,1927,398,408,405,1777,674,1011,27,403,402,399,404,12,1926,626,1925,25,401,406,407],"class_list":{"0":"post-18794","1":"post","2":"type-post","3":"status-publish","4":"format-standard","5":"has-post-thumbnail","7":"category-paris","8":"tag-action-cac-40","9":"tag-actu","10":"tag-actu-paris","11":"tag-actualites","12":"tag-actualites-paris","13":"tag-bourse-de-paris","14":"tag-boursorama","15":"tag-cotations","16":"tag-eu","17":"tag-europe","18":"tag-fr","19":"tag-france","20":"tag-indices-devises","21":"tag-investir","22":"tag-investissement","23":"tag-marche-boursier","24":"tag-news","25":"tag-news-paris","26":"tag-paris","27":"tag-paris-news","28":"tag-republique-francaise","29":"tag-sicav","30":"tag-trackers","31":"tag-warrants"},"share_on_mastodon":{"url":"https:\/\/pubeurope.com\/@fr\/114322499423636763","error":""},"_links":{"self":[{"href":"https:\/\/www.europesays.com\/fr\/wp-json\/wp\/v2\/posts\/18794","targetHints":{"allow":["GET"]}}],"collection":[{"href":"https:\/\/www.europesays.com\/fr\/wp-json\/wp\/v2\/posts"}],"about":[{"href":"https:\/\/www.europesays.com\/fr\/wp-json\/wp\/v2\/types\/post"}],"author":[{"embeddable":true,"href":"https:\/\/www.europesays.com\/fr\/wp-json\/wp\/v2\/users\/2"}],"replies":[{"embeddable":true,"href":"https:\/\/www.europesays.com\/fr\/wp-json\/wp\/v2\/comments?post=18794"}],"version-history":[{"count":0,"href":"https:\/\/www.europesays.com\/fr\/wp-json\/wp\/v2\/posts\/18794\/revisions"}],"wp:featuredmedia":[{"embeddable":true,"href":"https:\/\/www.europesays.com\/fr\/wp-json\/wp\/v2\/media\/8765"}],"wp:attachment":[{"href":"https:\/\/www.europesays.com\/fr\/wp-json\/wp\/v2\/media?parent=18794"}],"wp:term":[{"taxonomy":"category","embeddable":true,"href":"https:\/\/www.europesays.com\/fr\/wp-json\/wp\/v2\/categories?post=18794"},{"taxonomy":"post_tag","embeddable":true,"href":"https:\/\/www.europesays.com\/fr\/wp-json\/wp\/v2\/tags?post=18794"}],"curies":[{"name":"wp","href":"https:\/\/api.w.org\/{rel}","templated":true}]}}