{"id":187947,"date":"2025-06-19T08:20:40","date_gmt":"2025-06-19T08:20:40","guid":{"rendered":"https:\/\/www.europesays.com\/fr\/187947\/"},"modified":"2025-06-19T08:20:40","modified_gmt":"2025-06-19T08:20:40","slug":"une-quinzaine-de-maisons-touchees-pres-de-rouen","status":"publish","type":"post","link":"https:\/\/www.europesays.com\/fr\/187947\/","title":{"rendered":"une quinzaine de maisons touch\u00e9es pr\u00e8s de Rouen"},"content":{"rendered":"<p>            Par<br \/>\n        <strong><br \/>\n            <a href=\"https:\/\/actu.fr\/auteur\/isabellevilly\" title=\"Consulter tous les articles de Isabelle Villy\" target=\"_blank\" rel=\"noopener\">Isabelle Villy<\/a><br \/>\n        <\/strong><\/p>\n<p>        Publi\u00e9 le<\/p>\n<p>            18 juin 2025 \u00e0 9h52        <\/p>\n<p>\u00c0 Saint-Aubin-\u00c9pinay, pr\u00e8s de <a href=\"https:\/\/actu.fr\/normandie\/rouen_76540\" target=\"_blank\" rel=\"noopener\">Rouen<\/a>, les habitants sont toujours inquiets \u00e0 la moindre <strong>alerte m\u00e9t\u00e9o<\/strong> annon\u00e7ant de <strong>violents orages<\/strong>. Il faut dire qu\u2019ils ont d\u00e9j\u00e0 \u00e9t\u00e9 victimes de fortes inondations avec des torrents d\u2019eau dans la travers\u00e9e du village. <a href=\"https:\/\/actu.fr\/meteo\/meteo-orages-et-vents-violents-en-seine-maritime-les-ponts-interdits-aux-deux-roues_62769509.html\" target=\"_blank\" rel=\"noopener\">L\u2019\u00e9pisode<\/a> du vendredi 13\u00a0juin 2025 a une nouvelle fois amen\u00e9 <strong>son lot de d\u00e9g\u00e2ts<\/strong>\u2009: pr\u00e8s de quinze maisons ont \u00e9t\u00e9 touch\u00e9es par des <strong>inondations et coul\u00e9es de boue<\/strong> dans les garages et dans six autres habitations, l\u2019eau a p\u00e9n\u00e9tr\u00e9 dans le lieu de vie.<\/p>\n<p class=\" wall-content\">\u00ab\u2009Le bassin du Faulx a d\u00e9bord\u00e9. Toutes les eaux sont venues des plaines du plateau Est et sont descendues vers Saint-Aubin-\u00c9pinay, alors que d\u2019habitude, on craint plus les ruissellements venant du secteur de Saint-Jacques-sur-Darn\u00e9tal. Le chemin du Ch\u00e2teau a \u00e9t\u00e9 tr\u00e8s ab\u00eem\u00e9 et au Clos des Pommiers, les riverains se sont retrouv\u00e9s avec pr\u00e8s de soixante centim\u00e8tres de boue dans les jardins\u2009\u00bb, constate le maire Beno\u00eet Anquetin.<\/p>\n<p class=\" wall-content\">La terre qui a \u00e9t\u00e9 remu\u00e9e dans le lotissement en construction explique s\u00fbrement, selon l\u2019\u00e9lu, le fait que l\u2019eau a ruissel\u00e9, entra\u00eenant avec elle ces boues.<\/p>\n<p>La ravine en cause\u2009?<\/p>\n<p class=\" wall-content\">Cl\u00e9ment Amedro, habitant de la commune (et candidat aux municipales 2026), s\u2019est exprim\u00e9 avant et apr\u00e8s l\u2019\u00e9pisode orageux sur les r\u00e9seaux sociaux. Il avance ainsi que la ravine, qui cause le plus souvent des probl\u00e8mes dans le village, serait en cause. Mais Benoit Anquetin, lui, affirme le contraire\u2009: \u00ab\u2009la ravine n\u2019a pas d\u00e9bord\u00e9 et a bien rempli son r\u00f4le\u2009\u00bb, soutient l\u2019\u00e9lu, qui comprend l\u2019inqui\u00e9tude des habitants quand un \u00e9pisode orageux survient.<\/p>\n<blockquote class=\"ac-article-quote wall-content\">\n<p>J&rsquo;ai \u00e9t\u00e9 appel\u00e9 de nombreuses fois par les habitants, qui voulaient savoir si les regards avaient \u00e9t\u00e9 d\u00e9bouch\u00e9s, ce qui avait \u00e9t\u00e9 effectivement fait. Mais je comprends l&rsquo;inqui\u00e9tude et le d\u00e9sarroi des gens qui sont victimes des inondations. Je con\u00e7ois que cela est tr\u00e8s p\u00e9nible pour eux.<\/p>\n<p>    <strong>Benoit Anquetin<\/strong><br \/>\n        maire de Saint-Aubin-Epinay    <\/p><\/blockquote>\n<p>Vid\u00e9os : en ce moment sur Actu<\/p>\n<p class=\" wall-content\">Les riverains lui ont notamment demand\u00e9 si la commune serait reconnue en \u00e9tat de catastrophe naturelle\u2009: \u00ab\u2009on va \u00e9videmment en faire la demande, mais on ne sait pas si cela sera retenu. Il faut attendre un arr\u00eat\u00e9 minist\u00e9riel, et de leur c\u00f4t\u00e9, les habitants vont se rapprocher de leurs assurances\u2009\u00bb, conclut Benoit Anquetin.<\/p>\n<p>Suivez l\u2019actualit\u00e9 de Rouen sur notre <a href=\"https:\/\/www.whatsapp.com\/channel\/0029VaKfnf99hXF2ddApFB1D\" target=\"_blank\" rel=\"noopener\">cha\u00eene WhatsApp<\/a> et sur notre <a href=\"https:\/\/www.tiktok.com\/@76actu.fr?lang=fr\" target=\"_blank\" rel=\"noopener\">compte TikTok<\/a><\/p>\n<p class=\" wall-content\">Suivez toute l\u2019actualit\u00e9 de vos villes et m\u00e9dias favoris en vous inscrivant \u00e0 <a href=\"https:\/\/moncompte.actu.fr\" title=\"D\u00e9couvez Mon Actu\" rel=\"nofollow noopener\" data-trk=\"{&quot;cta&quot;:{&quot;action&quot;:&quot;https:\\\/\\\/moncompte.actu.fr&quot;,&quot;category&quot;:&quot;mon compte&quot;,&quot;from&quot;:&quot;article footer&quot;,&quot;name&quot;:&quot;Mon actu&quot;,&quot;type&quot;:&quot;cta&quot;}}\" target=\"_blank\">Mon Actu<\/a>.<\/p>\n<p>                    <script async src=\"\/\/www.tiktok.com\/embed.js\"><\/script><\/p>\n","protected":false},"excerpt":{"rendered":"Par Isabelle Villy Publi\u00e9 le 18 juin 2025 \u00e0 9h52 \u00c0 Saint-Aubin-\u00c9pinay, pr\u00e8s de Rouen, les habitants sont&hellip;\n","protected":false},"author":2,"featured_media":187948,"comment_status":"","ping_status":"","sticky":false,"template":"","format":"standard","meta":{"footnotes":""},"categories":[9587],"tags":[1111,11,1777,674,118,1011,27,3059,2357,12,5161,4594,25,9590],"class_list":{"0":"post-187947","1":"post","2":"type-post","3":"status-publish","4":"format-standard","5":"has-post-thumbnail","7":"category-rouen","8":"tag-actu","9":"tag-actualites","10":"tag-eu","11":"tag-europe","12":"tag-faits-divers","13":"tag-fr","14":"tag-france","15":"tag-intemperies","16":"tag-meteo-france","17":"tag-news","18":"tag-normandie","19":"tag-orages","20":"tag-republique-francaise","21":"tag-rouen"},"share_on_mastodon":{"url":"https:\/\/pubeurope.com\/@fr\/114709058340106046","error":""},"_links":{"self":[{"href":"https:\/\/www.europesays.com\/fr\/wp-json\/wp\/v2\/posts\/187947","targetHints":{"allow":["GET"]}}],"collection":[{"href":"https:\/\/www.europesays.com\/fr\/wp-json\/wp\/v2\/posts"}],"about":[{"href":"https:\/\/www.europesays.com\/fr\/wp-json\/wp\/v2\/types\/post"}],"author":[{"embeddable":true,"href":"https:\/\/www.europesays.com\/fr\/wp-json\/wp\/v2\/users\/2"}],"replies":[{"embeddable":true,"href":"https:\/\/www.europesays.com\/fr\/wp-json\/wp\/v2\/comments?post=187947"}],"version-history":[{"count":0,"href":"https:\/\/www.europesays.com\/fr\/wp-json\/wp\/v2\/posts\/187947\/revisions"}],"wp:featuredmedia":[{"embeddable":true,"href":"https:\/\/www.europesays.com\/fr\/wp-json\/wp\/v2\/media\/187948"}],"wp:attachment":[{"href":"https:\/\/www.europesays.com\/fr\/wp-json\/wp\/v2\/media?parent=187947"}],"wp:term":[{"taxonomy":"category","embeddable":true,"href":"https:\/\/www.europesays.com\/fr\/wp-json\/wp\/v2\/categories?post=187947"},{"taxonomy":"post_tag","embeddable":true,"href":"https:\/\/www.europesays.com\/fr\/wp-json\/wp\/v2\/tags?post=187947"}],"curies":[{"name":"wp","href":"https:\/\/api.w.org\/{rel}","templated":true}]}}