{"id":187949,"date":"2025-06-19T08:21:49","date_gmt":"2025-06-19T08:21:49","guid":{"rendered":"https:\/\/www.europesays.com\/fr\/187949\/"},"modified":"2025-06-19T08:21:49","modified_gmt":"2025-06-19T08:21:49","slug":"une-these-privilegiee-et-une-dizaine-de-salaries-au-chomage-technique","status":"publish","type":"post","link":"https:\/\/www.europesays.com\/fr\/187949\/","title":{"rendered":"une th\u00e8se privil\u00e9gi\u00e9e et une dizaine de salari\u00e9s au ch\u00f4mage technique"},"content":{"rendered":"<p>Les gendarmes de la compagnie de Grenoble poursuivent leurs investigations apr\u00e8s <a href=\"https:\/\/www.ledauphine.com\/faits-divers-justice\/2025\/06\/16\/un-feu-de-declare-dans-l-entreprise-orpheo-a-seyssinet-pariset\" target=\"_blank\" rel=\"noopener\">l\u2019incendie qui s\u2019est d\u00e9clar\u00e9<\/a>\u00a0lundi soir 16\u00a0juin dans l\u2019immeuble situ\u00e9 au 6 de la rue Paul-Val\u00e9rien-Perrin \u00e0 Seyssinet-Pariset, abritant les bureaux de la soci\u00e9t\u00e9 Orph\u00e9o, sp\u00e9cialis\u00e9e dans la fabrication d\u2019audioguides et de syst\u00e8mes d\u2019aide \u00e0 la visite pour les mus\u00e9es, les sites culturels, les collectivit\u00e9s\u2026<\/p>\n<p>Ce contenu est bloqu\u00e9 car vous n&rsquo;avez pas accept\u00e9 les cookies et autres traceurs.<\/p>\n<p>En cliquant sur \u00ab J\u2019accepte \u00bb, les cookies et autres traceurs seront d\u00e9pos\u00e9s et vous pourrez visualiser les contenus  (<a href=\"\" class=\"consentModule_policy\" target=\"_blank\" title=\"Consulter la politique de protection des donn\u00e9es du fournisseur\">plus d&rsquo;informations<\/a>).<\/p>\n<p>En cliquant sur \u00ab J\u2019accepte tous les cookies \u00bb, vous autorisez des d\u00e9p\u00f4ts de cookies et autres traceurs pour le stockage de vos donn\u00e9es sur nos sites et applications \u00e0 des fins de personnalisation et de ciblage publicitaire.<\/p>\n<p class=\"consentModule_secondaryText\">Vous gardez la possibilit\u00e9 de retirer votre consentement \u00e0 tout moment en consultant notre <a href=\"https:\/\/www.ledauphine.com\/protection-des-donnees\" target=\"_blank\" title=\"Consulter notre politique de protection des donn\u00e9es\" rel=\"noopener\">politique de protection des donn\u00e9es<\/a>. <br \/>&#13;<br \/>\n            <a href=\"https:\/\/www.ledauphine.com\/faits-divers-justice\/2025\/06\/17\/javascript:Didomi.notice.show()\" class=\"consentModule_cmp\" target=\"_blank\" rel=\"noopener\">G\u00e9rer mes choix<\/a>&#13;\n        <\/p>\n<p>&#13;<br \/>\n                        J&rsquo;accepte&#13;<br \/>\n            J&rsquo;accepte tous les cookies&#13;\n        <\/p>\n<p>Le feu avait pris naissance peu apr\u00e8s 22 heures dans un bureau au premier \u00e9tage du b\u00e2timent qui en compte deux et avait pu \u00eatre totalement \u00e9teint au bout de trois heures par une vingtaine de sapeurs-pompiers.<\/p>\n<p>De gros d\u00e9g\u00e2ts mais seulement mat\u00e9riels<\/p>\n<p>D\u2019apr\u00e8s les premi\u00e8res constatations effectu\u00e9es sur place par les enqu\u00eateurs, la th\u00e8se accidentelle est privil\u00e9gi\u00e9e.<\/p>\n<p>Si aucun bless\u00e9 n\u2019est heureusement \u00e0 d\u00e9plorer, le sinistre a provoqu\u00e9 des d\u00e9g\u00e2ts \u2013 et notamment un important d\u00e9gagement de fum\u00e9e \u2013 et contraint une dizaine d\u2019employ\u00e9s au ch\u00f4mage technique, les autres pouvant t\u00e9l\u00e9travailler.<\/p>\n","protected":false},"excerpt":{"rendered":"Les gendarmes de la compagnie de Grenoble poursuivent leurs investigations apr\u00e8s l\u2019incendie qui s\u2019est d\u00e9clar\u00e9\u00a0lundi soir 16\u00a0juin dans&hellip;\n","protected":false},"author":2,"featured_media":187950,"comment_status":"","ping_status":"","sticky":false,"template":"","format":"standard","meta":{"footnotes":""},"categories":[9566],"tags":[1111,11,2430,112,341,1777,674,274,1011,27,2731,2732,1310,108,12278,12,25,16735],"class_list":{"0":"post-187949","1":"post","2":"type-post","3":"status-publish","4":"format-standard","5":"has-post-thumbnail","7":"category-grenoble","8":"tag-actu","9":"tag-actualites","10":"tag-auvergne-rhone-alpes","11":"tag-edition-grenoble-agglomeration","12":"tag-emploi","13":"tag-eu","14":"tag-europe","15":"tag-faits-divers-justice","16":"tag-fr","17":"tag-france","18":"tag-grenoble","19":"tag-grenoble-bassin","20":"tag-incendie","21":"tag-isere","22":"tag-lagglomeration-et-le-vercors","23":"tag-news","24":"tag-republique-francaise","25":"tag-seyssinet-pariset"},"share_on_mastodon":{"url":"https:\/\/pubeurope.com\/@fr\/114709066106416445","error":""},"_links":{"self":[{"href":"https:\/\/www.europesays.com\/fr\/wp-json\/wp\/v2\/posts\/187949","targetHints":{"allow":["GET"]}}],"collection":[{"href":"https:\/\/www.europesays.com\/fr\/wp-json\/wp\/v2\/posts"}],"about":[{"href":"https:\/\/www.europesays.com\/fr\/wp-json\/wp\/v2\/types\/post"}],"author":[{"embeddable":true,"href":"https:\/\/www.europesays.com\/fr\/wp-json\/wp\/v2\/users\/2"}],"replies":[{"embeddable":true,"href":"https:\/\/www.europesays.com\/fr\/wp-json\/wp\/v2\/comments?post=187949"}],"version-history":[{"count":0,"href":"https:\/\/www.europesays.com\/fr\/wp-json\/wp\/v2\/posts\/187949\/revisions"}],"wp:featuredmedia":[{"embeddable":true,"href":"https:\/\/www.europesays.com\/fr\/wp-json\/wp\/v2\/media\/187950"}],"wp:attachment":[{"href":"https:\/\/www.europesays.com\/fr\/wp-json\/wp\/v2\/media?parent=187949"}],"wp:term":[{"taxonomy":"category","embeddable":true,"href":"https:\/\/www.europesays.com\/fr\/wp-json\/wp\/v2\/categories?post=187949"},{"taxonomy":"post_tag","embeddable":true,"href":"https:\/\/www.europesays.com\/fr\/wp-json\/wp\/v2\/tags?post=187949"}],"curies":[{"name":"wp","href":"https:\/\/api.w.org\/{rel}","templated":true}]}}