{"id":187951,"date":"2025-06-19T08:22:09","date_gmt":"2025-06-19T08:22:09","guid":{"rendered":"https:\/\/www.europesays.com\/fr\/187951\/"},"modified":"2025-06-19T08:22:09","modified_gmt":"2025-06-19T08:22:09","slug":"grenoble-lhomme-en-trottinette-intrigue-les-policiers-il-cachait-une-sacree-cargaison","status":"publish","type":"post","link":"https:\/\/www.europesays.com\/fr\/187951\/","title":{"rendered":"Grenoble. L&rsquo;homme en trottinette intrigue les policiers, il cachait une sacr\u00e9e cargaison"},"content":{"rendered":"<p>            Par<br \/>\n        <strong><br \/>\n            <a href=\"https:\/\/actu.fr\/auteur\/julien-sournies\" title=\"Consulter tous les articles de Julien Sournies\" rel=\"nofollow noopener\" target=\"_blank\">Julien Sournies<\/a><br \/>\n        <\/strong><\/p>\n<p>        Publi\u00e9 le<\/p>\n<p>            19 juin 2025 \u00e0 10h19        <\/p>\n<p>Il a visiblement attis\u00e9 la <strong>curiosit\u00e9<\/strong> des forces de l\u2019ordre. Alors qu\u2019ils tentaient de proc\u00e9der au contr\u00f4le d\u2019un individu en trottinette dans la rue de Bretagne \u00e0 \u00c9chirolles, pr\u00e8s de <a href=\"https:\/\/actu.fr\/grenoble\/\" rel=\"nofollow noopener\" target=\"_blank\">Grenoble<\/a> (<a href=\"https:\/\/actu.fr\/auvergne-rhone-alpes\/isere_38\" rel=\"nofollow noopener\" target=\"_blank\">Is\u00e8re<\/a>), ce jeudi 19 juin 2025, aux alentours de 0h30, le trottinettiste a d\u00e9cid\u00e9 de faire faux bond aux ma\u00eetres-chiens.<\/p>\n<p>Le trottinettiste transportait 10,7\u00a0kg de r\u00e9sine de cannabis<\/p>\n<p class=\" wall-content\">Seulement, en prenant la fuite, le fuyard a laiss\u00e9 tomber un sac-poubelle rempli de produits <strong>stup\u00e9fiants<\/strong>.<\/p>\n<p>    <a href=\"https:\/\/www.google.com\/maps\/embed?pb=!1m18!1m12!1m3!1d2241.9346942594716!2d5.716468475415004!3d45.15858237107063!2m3!1f0!2f0!3f0!3m2!1i1024!2i768!4f13.1!3m3!1m2!1s0x478af4b306f2ecf1%3A0xd8a4d05700f4993f!2sRue%20de%20Bretagne%2C%2038130%20%C3%89chirolles!5e1!3m2!1sfr!2sfr!4v1750319855044!5m2!1sfr!2sfr\" title=\"Ouvrie le lien\" rel=\"nofollow noopener\" target=\"_blank\">Cliquez ici pour visualiser le contenu<\/a><\/p>\n<p class=\" wall-content\">Selon les informations transmises par la direction interd\u00e9partementale de la police nationale de l\u2019Is\u00e8re, le sac trouv\u00e9 par la brigade canine contenait pas moins de 77 sachets de 20 capsules de r\u00e9sine de cannabis, pour un poids total avoisinant les <strong>10,7\u00a0kg<\/strong>.<\/p>\n<p class=\" wall-content\">Malgr\u00e9 tout, le conducteur de la trottinette a r\u00e9ussi \u00e0 prendre la fuite sans \u00eatre identifi\u00e9. Une <strong>enqu\u00eate<\/strong> a \u00e9t\u00e9 ouverte.<\/p>\n<p>Vid\u00e9os : en ce moment sur Actu<\/p>\n<p class=\" wall-content\">Suivez toute l\u2019actualit\u00e9 de vos villes et m\u00e9dias favoris en vous inscrivant \u00e0 <a href=\"https:\/\/moncompte.actu.fr\" title=\"D\u00e9couvez Mon Actu\" rel=\"nofollow noopener\" data-trk=\"{&quot;cta&quot;:{&quot;action&quot;:&quot;https:\\\/\\\/moncompte.actu.fr&quot;,&quot;category&quot;:&quot;mon compte&quot;,&quot;from&quot;:&quot;article footer&quot;,&quot;name&quot;:&quot;Mon actu&quot;,&quot;type&quot;:&quot;cta&quot;}}\" target=\"_blank\">Mon Actu<\/a>.<\/p>\n","protected":false},"excerpt":{"rendered":"Par Julien Sournies Publi\u00e9 le 19 juin 2025 \u00e0 10h19 Il a visiblement attis\u00e9 la curiosit\u00e9 des forces&hellip;\n","protected":false},"author":2,"featured_media":187952,"comment_status":"","ping_status":"","sticky":false,"template":"","format":"standard","meta":{"footnotes":""},"categories":[9566],"tags":[1111,11,2430,1052,1777,674,118,1011,27,2731,12,1072,25],"class_list":{"0":"post-187951","1":"post","2":"type-post","3":"status-publish","4":"format-standard","5":"has-post-thumbnail","7":"category-grenoble","8":"tag-actu","9":"tag-actualites","10":"tag-auvergne-rhone-alpes","11":"tag-drogue","12":"tag-eu","13":"tag-europe","14":"tag-faits-divers","15":"tag-fr","16":"tag-france","17":"tag-grenoble","18":"tag-news","19":"tag-police","20":"tag-republique-francaise"},"share_on_mastodon":{"url":"https:\/\/pubeurope.com\/@fr\/114709066231114414","error":""},"_links":{"self":[{"href":"https:\/\/www.europesays.com\/fr\/wp-json\/wp\/v2\/posts\/187951","targetHints":{"allow":["GET"]}}],"collection":[{"href":"https:\/\/www.europesays.com\/fr\/wp-json\/wp\/v2\/posts"}],"about":[{"href":"https:\/\/www.europesays.com\/fr\/wp-json\/wp\/v2\/types\/post"}],"author":[{"embeddable":true,"href":"https:\/\/www.europesays.com\/fr\/wp-json\/wp\/v2\/users\/2"}],"replies":[{"embeddable":true,"href":"https:\/\/www.europesays.com\/fr\/wp-json\/wp\/v2\/comments?post=187951"}],"version-history":[{"count":0,"href":"https:\/\/www.europesays.com\/fr\/wp-json\/wp\/v2\/posts\/187951\/revisions"}],"wp:featuredmedia":[{"embeddable":true,"href":"https:\/\/www.europesays.com\/fr\/wp-json\/wp\/v2\/media\/187952"}],"wp:attachment":[{"href":"https:\/\/www.europesays.com\/fr\/wp-json\/wp\/v2\/media?parent=187951"}],"wp:term":[{"taxonomy":"category","embeddable":true,"href":"https:\/\/www.europesays.com\/fr\/wp-json\/wp\/v2\/categories?post=187951"},{"taxonomy":"post_tag","embeddable":true,"href":"https:\/\/www.europesays.com\/fr\/wp-json\/wp\/v2\/tags?post=187951"}],"curies":[{"name":"wp","href":"https:\/\/api.w.org\/{rel}","templated":true}]}}