{"id":187957,"date":"2025-06-19T08:25:17","date_gmt":"2025-06-19T08:25:17","guid":{"rendered":"https:\/\/www.europesays.com\/fr\/187957\/"},"modified":"2025-06-19T08:25:17","modified_gmt":"2025-06-19T08:25:17","slug":"bischheim-lassociation-passages-poursuit-son-action-aupres-des-ecoliers-2","status":"publish","type":"post","link":"https:\/\/www.europesays.com\/fr\/187957\/","title":{"rendered":"Bischheim. L\u2019association PasSages poursuit son action aupr\u00e8s des \u00e9coliers"},"content":{"rendered":"<p>Pr\u00e8s de 500 \u00e9coliers de CM1 et CM2 ont particip\u00e9 cette ann\u00e9e \u00e0 l\u2019action \u00ab\u00a0Respect\u00a0\u00bb organis\u00e9e par PasSages. Pour les \u00e9l\u00e8ves de CM2, \u00e0 l\u2019approche des vacances, il \u00e9tait temps de montrer tout ce qu\u2019ils ont r\u00e9alis\u00e9. Lundi 16\u00a0juin, \u00e0 la salle des f\u00eates du Cheval Blanc, \u00e0 Bischheim, avec leurs enseignants et les artistes qui les ont accompagn\u00e9s, ils sont mont\u00e9s sur sc\u00e8ne. Au programme, de la com\u00e9die musicale, du hip-hop et du th\u00e9\u00e2tre cont\u00e9. Et dans la salle, une exposition de c\u00e9ramiques et de dessins. Le fruit d\u2019un \u00e9veil artistique men\u00e9 cette ann\u00e9e autour du th\u00e8me \u00ab\u00a0Je&#8230;<\/p>\n","protected":false},"excerpt":{"rendered":"Pr\u00e8s de 500 \u00e9coliers de CM1 et CM2 ont particip\u00e9 cette ann\u00e9e \u00e0 l\u2019action \u00ab\u00a0Respect\u00a0\u00bb organis\u00e9e par PasSages.&hellip;\n","protected":false},"author":2,"featured_media":187828,"comment_status":"","ping_status":"","sticky":false,"template":"","format":"standard","meta":{"footnotes":""},"categories":[2820],"tags":[1111,11,13205,1687,2880,1057,1777,674,107,1011,27,775,10425,12,25,3140,640,3265],"class_list":{"0":"post-187957","1":"post","2":"type-post","3":"status-publish","4":"format-standard","5":"has-post-thumbnail","7":"category-strasbourg","8":"tag-actu","9":"tag-actualites","10":"tag-bischheim","11":"tag-culture-loisirs","12":"tag-edition-strasbourg","13":"tag-education","14":"tag-eu","15":"tag-europe","16":"tag-fil-info","17":"tag-fr","18":"tag-france","19":"tag-grand-est","20":"tag-maternelle-elementaire","21":"tag-news","22":"tag-republique-francaise","23":"tag-spectacle","24":"tag-strasbourg","25":"tag-strasbourg-nord"},"share_on_mastodon":{"url":"https:\/\/pubeurope.com\/@fr\/114709077920927232","error":""},"_links":{"self":[{"href":"https:\/\/www.europesays.com\/fr\/wp-json\/wp\/v2\/posts\/187957","targetHints":{"allow":["GET"]}}],"collection":[{"href":"https:\/\/www.europesays.com\/fr\/wp-json\/wp\/v2\/posts"}],"about":[{"href":"https:\/\/www.europesays.com\/fr\/wp-json\/wp\/v2\/types\/post"}],"author":[{"embeddable":true,"href":"https:\/\/www.europesays.com\/fr\/wp-json\/wp\/v2\/users\/2"}],"replies":[{"embeddable":true,"href":"https:\/\/www.europesays.com\/fr\/wp-json\/wp\/v2\/comments?post=187957"}],"version-history":[{"count":0,"href":"https:\/\/www.europesays.com\/fr\/wp-json\/wp\/v2\/posts\/187957\/revisions"}],"wp:featuredmedia":[{"embeddable":true,"href":"https:\/\/www.europesays.com\/fr\/wp-json\/wp\/v2\/media\/187828"}],"wp:attachment":[{"href":"https:\/\/www.europesays.com\/fr\/wp-json\/wp\/v2\/media?parent=187957"}],"wp:term":[{"taxonomy":"category","embeddable":true,"href":"https:\/\/www.europesays.com\/fr\/wp-json\/wp\/v2\/categories?post=187957"},{"taxonomy":"post_tag","embeddable":true,"href":"https:\/\/www.europesays.com\/fr\/wp-json\/wp\/v2\/tags?post=187957"}],"curies":[{"name":"wp","href":"https:\/\/api.w.org\/{rel}","templated":true}]}}