{"id":187958,"date":"2025-06-19T08:26:10","date_gmt":"2025-06-19T08:26:10","guid":{"rendered":"https:\/\/www.europesays.com\/fr\/187958\/"},"modified":"2025-06-19T08:26:10","modified_gmt":"2025-06-19T08:26:10","slug":"un-homme-en-urgence-absolue-apres-avoir-ete-agresse-a-larme-blanche","status":"publish","type":"post","link":"https:\/\/www.europesays.com\/fr\/187958\/","title":{"rendered":"un homme en urgence absolue apr\u00e8s avoir \u00e9t\u00e9 agress\u00e9 \u00e0 l&rsquo;arme blanche"},"content":{"rendered":"<p>La \u00abrixe\u00bb s\u2019est produite rue des Grandes Arcades, une art\u00e8re pi\u00e9tonne parmi les plus passantes de la vieille ville.<\/p>\n<p class=\"fig-paragraph\">Un homme de 36 ans, agress\u00e9 par\u00a0<a href=\"http:\/\/www.lefigaro.fr\/marseille\/marseille-trois-marins-pompiers-agresses-a-l-arme-blanche-lors-d-une-intervention-20250603\" target=\"_blank\" data-fig-type=\"NewsFlash\" rel=\"noopener\" data-gtm-custom-categorie=\"navigation\" data-gtm-custom-action=\"crossclick\" data-gtm-custom-label=\"Contextuel\" data-gtm-event=\"customEventSPE\" data-fig-domain=\"LEFIGARO\">arme blanche<\/a>\u00a0dans la nuit de mercredi \u00e0 jeudi au c\u0153ur de Strasbourg, a \u00e9t\u00e9 hospitalis\u00e9 \u00aben\u00a0<a href=\"http:\/\/www.lefigaro.fr\/marseille\/bouches-du-rhone-13-personnes-blessees-apres-un-impact-de-foudre-dans-un-zoo-20250514\" target=\"_blank\" data-fig-type=\"NewsFlash\" rel=\"noopener\" data-gtm-custom-categorie=\"navigation\" data-gtm-custom-action=\"crossclick\" data-gtm-custom-label=\"Contextuel\" data-gtm-event=\"customEventSPE\" data-fig-domain=\"LEFIGARO\">urgence absolue<\/a> \u00bb, ont annonc\u00e9 les secours. La victime pr\u00e9sente \u00abune vingtaine de plaies par arme blanche\u00bb sur le corps, a-t-on appris d&rsquo;une source polici\u00e8re qui pr\u00e9cise que la victime connaissait son agresseur.<\/p>\n<p class=\"fig-paragraph\">La \u00abrixe\u00bb s&rsquo;est produite rue des Grandes Arcades, une art\u00e8re pi\u00e9tonne parmi les plus passantes de la vieille ville, selon la m\u00eame source.<\/p>\n<p class=\"fig-paragraph\">\u00abLa zone d&rsquo;intervention a \u00e9t\u00e9 s\u00e9curis\u00e9e par la police\u00bb, indique dans un communiqu\u00e9 le service d\u00e9partemental d&rsquo;incendie et de secours (Sdis). \u00abL&rsquo;agresseur avait quitt\u00e9 les lieux au moment de l&rsquo;intervention\u00bb. Sollicit\u00e9, le parquet de Strasbourg n&rsquo;a pas donn\u00e9 suite dans l&rsquo;imm\u00e9diat.<\/p>\n","protected":false},"excerpt":{"rendered":"La \u00abrixe\u00bb s\u2019est produite rue des Grandes Arcades, une art\u00e8re pi\u00e9tonne parmi les plus passantes de la vieille&hellip;\n","protected":false},"author":2,"featured_media":187959,"comment_status":"","ping_status":"","sticky":false,"template":"","format":"standard","meta":{"footnotes":""},"categories":[2820],"tags":[119,1111,11,3694,1120,9405,271,2951,3695,1777,674,3696,118,1011,27,775,2825,1253,303,12,1072,2694,25,640,2949],"class_list":{"0":"post-187958","1":"post","2":"type-post","3":"status-publish","4":"format-standard","5":"has-post-thumbnail","7":"category-strasbourg","8":"tag-accident","9":"tag-actu","10":"tag-actualites","11":"tag-affaires","12":"tag-agression","13":"tag-arme-blanche","14":"tag-crime","15":"tag-criminalite","16":"tag-enquetes","17":"tag-eu","18":"tag-europe","19":"tag-evenements","20":"tag-faits-divers","21":"tag-fr","22":"tag-france","23":"tag-grand-est","24":"tag-insecurite","25":"tag-islamisme","26":"tag-justice","27":"tag-news","28":"tag-police","29":"tag-proces","30":"tag-republique-francaise","31":"tag-strasbourg","32":"tag-violences"},"share_on_mastodon":{"url":"https:\/\/pubeurope.com\/@fr\/114709081854798886","error":""},"_links":{"self":[{"href":"https:\/\/www.europesays.com\/fr\/wp-json\/wp\/v2\/posts\/187958","targetHints":{"allow":["GET"]}}],"collection":[{"href":"https:\/\/www.europesays.com\/fr\/wp-json\/wp\/v2\/posts"}],"about":[{"href":"https:\/\/www.europesays.com\/fr\/wp-json\/wp\/v2\/types\/post"}],"author":[{"embeddable":true,"href":"https:\/\/www.europesays.com\/fr\/wp-json\/wp\/v2\/users\/2"}],"replies":[{"embeddable":true,"href":"https:\/\/www.europesays.com\/fr\/wp-json\/wp\/v2\/comments?post=187958"}],"version-history":[{"count":0,"href":"https:\/\/www.europesays.com\/fr\/wp-json\/wp\/v2\/posts\/187958\/revisions"}],"wp:featuredmedia":[{"embeddable":true,"href":"https:\/\/www.europesays.com\/fr\/wp-json\/wp\/v2\/media\/187959"}],"wp:attachment":[{"href":"https:\/\/www.europesays.com\/fr\/wp-json\/wp\/v2\/media?parent=187958"}],"wp:term":[{"taxonomy":"category","embeddable":true,"href":"https:\/\/www.europesays.com\/fr\/wp-json\/wp\/v2\/categories?post=187958"},{"taxonomy":"post_tag","embeddable":true,"href":"https:\/\/www.europesays.com\/fr\/wp-json\/wp\/v2\/tags?post=187958"}],"curies":[{"name":"wp","href":"https:\/\/api.w.org\/{rel}","templated":true}]}}