{"id":187960,"date":"2025-06-19T08:27:09","date_gmt":"2025-06-19T08:27:09","guid":{"rendered":"https:\/\/www.europesays.com\/fr\/187960\/"},"modified":"2025-06-19T08:27:09","modified_gmt":"2025-06-19T08:27:09","slug":"on-prefere-les-voir-au-parc-que-devant-un-ecran-des-parents-lancent-une-petition-pour-quun-jardin-denfants-reste-ouvert-plus-longtemps-contre-lavis-des-voisins","status":"publish","type":"post","link":"https:\/\/www.europesays.com\/fr\/187960\/","title":{"rendered":"\u00ab\u00a0On pr\u00e9f\u00e8re les voir au parc que devant un \u00e9cran\u00a0\u00bb: des parents lancent une p\u00e9tition pour qu\u2019un jardin d\u2019enfants reste ouvert plus longtemps&#8230; contre l\u2019avis des voisins"},"content":{"rendered":"<p>Coup de gyrophare : descendez de ces toboggans, quittez la mini-cabane, sortez (presque les mains bien en \u00e9vidence) du jardin pour enfants. Tous les soirs, sur l\u2019invitation de la police municipale, les joyeux drilles et leurs parents s\u2019ex\u00e9cutent \u00e0 contrec\u0153ur. \u00ab\u00a0\u00c9t\u00e9 comme hiver, on est mis dehors \u00e0 19h. Parfois, les agents passent m\u00eame \u00e0 18h30. Entre le 1er mai et le 30 septembre, c\u2019est le seul parc \u00e0 fermer si t\u00f4t. Ailleurs en ville, la limite est fix\u00e9e \u00e0 21h. Voire 23h dans le Haut-de-Cagnes (en juillet-ao\u00fbt)\u00a0\u00bb, d\u00e9plore Marianne. Avec un groupe de mamans, elle a d\u00e9cid\u00e9 de lancer une p\u00e9tition en ligne o\u00f9 plus d\u2019une soixantaine de personnes r\u00e9clament une extension des horaires d\u2019ouverture. \u00ab\u00a0Au moins jusqu\u2019\u00e0 20h. On ne demande pas la lune\u00a0\u00bb, estime Alexandre, un papa.<\/p>\n<p>\u00ab\u00a0\u00c7a nous aide vraiment \u00e0 les d\u00e9connecter\u00a0\u00bb<\/p>\n<p>\u00ab\u00a0L\u2019\u00e9t\u00e9, les jeux sont tr\u00e8s expos\u00e9s au soleil. Il faut au moins attendre jusqu\u2019\u00e0 17h30 pour qu\u2019il fasse moins chaud. C\u2019est dommage de ne pouvoir profiter qu\u2019une petite heure\u00a0\u00bb, embraye Anna, bient\u00f4t suivie par Nabila, une autre maman: \u00ab\u00a0On est juste en face de l\u2019\u00e9cole Giono et en fin de journ\u00e9e, les petits ont besoin de plus de temps que \u00e7a pour se d\u00e9penser. Ils aiment se retrouver apr\u00e8s les cours et jouer ensemble, on ne va pas les en priver.\u00a0\u00bb<\/p>\n<p>\u00ab\u00a0Aujourd\u2019hui, on sait \u00e0 quel point il est essentiel de prot\u00e9ger nos enfants des \u00e9crans, abonde encore Marianne. Bien s\u00fbr, on pr\u00e9f\u00e8re les voir jouer dehors, au parc, plut\u00f4t que devant une t\u00e9l\u00e9 ou un t\u00e9l\u00e9phone. Les \u00e9coles lancent des d\u00e9fis \u201csans \u00e9cran\u00a0\u00bb sur dix jours, mais nous, parents, c\u2019est un combat de tous les jours. Ce parc, c\u2019est notre bulle d\u2019air. Il nous aide vraiment \u00e0 les d\u00e9connecter. \u00bb<\/p>\n<p>\u00ab\u00a0Le bruit que \u00e7a fait dans mon salon&#8230;\u00a0\u00bb<\/p>\n<p>Des arguments qui n\u2019ont pas pes\u00e9 assez lourd dans la balance d\u2019une consultation publique instigu\u00e9e par la Municipalit\u00e9, qui avait abouti, il y a deux ans, \u00e0 la modification des horaires d\u2019ouverture \u00e0 19h. \u00ab\u00a0Ce sont des voisins qui r\u00e2lent. Mais n\u2019ont-ils pas achet\u00e9 en toute connaissance de cause? Cet espace est d\u00e9di\u00e9 aux enfants, c\u2019est normal qu\u2019il y ait du bruit\u00a0\u00bb, r\u00e9torque Nabila.<\/p>\n<p>Ce qui fait rire jaune une voisine dont le balcon donne directement sur l\u2019aire de jeux: \u00ab\u00a0Je crois que les parents ne se rendent pas compte du bruit que \u00e7a fait dans mon salon. \u00c7a r\u00e9sonne dans tous les sens, c\u2019est vraiment d\u00e9sagr\u00e9able. Et c\u2019est une maman qui parle\u00a0\u00bb. C\u2019est d\u2019ailleurs \u00e0 ce titre que la voisine, souhaitant garder l\u2019anonymat, estime que \u00ab\u00a0fermer \u00e0 19h, m\u00eame en \u00e9t\u00e9, c\u2019est raisonnable. Parce qu\u2019\u00e0 20h, on passe \u00e0 table et \u00e0 21h les petits sont au lit. J\u2019ai du mal \u00e0 comprendre pourquoi ces parents veulent les laisser dehors si tard\u00a0\u00bb.<\/p>\n<p>M\u00eame agacement pour l\u2019association des Br\u00e9gui\u00e8res Collettes Val Fleuri (ABCV). Sa pr\u00e9sidente, Ariane Chapuzot, n\u2019h\u00e9site pas \u00e0 charger \u00ab\u00a0le manque de civisme de ces parents qui laissent des d\u00e9chets apr\u00e8s leur pique-nique. D\u00e9but mai, il a fallu appeler une entreprise de d\u00e9ratisation.\u00a0\u00bb Manifestement irrit\u00e9e par le lancement de la p\u00e9tition, la riveraine s\u2019imagine d\u00e9j\u00e0 \u00ab\u00a0assaillie par les plaintes du voisinage. Les enfants n\u2019arr\u00eatent pas de hurler. L\u2019\u00e9t\u00e9, il avait fallu appeler la police pour faire respecter les horaires.\u00a0\u00bb<\/p>\n<p>D\u2019ici le dernier trimestre 2025, la controverse sera temporairement suspendue. Pour cause, le parc conna\u00eetra une importante r\u00e9novation. De quoi faire souffler les voisins&#8230; avant d\u2019attirer \u00e0 nouveau des myriades de bambins ravis de s\u2019amuser.<\/p>\n","protected":false},"excerpt":{"rendered":"Coup de gyrophare : descendez de ces toboggans, quittez la mini-cabane, sortez (presque les mains bien en \u00e9vidence)&hellip;\n","protected":false},"author":2,"featured_media":187961,"comment_status":"","ping_status":"","sticky":false,"template":"","format":"standard","meta":{"footnotes":""},"categories":[2819],"tags":[1111,11,1777,674,1011,27,12,2401,882,25,3366],"class_list":{"0":"post-187960","1":"post","2":"type-post","3":"status-publish","4":"format-standard","5":"has-post-thumbnail","7":"category-nice","8":"tag-actu","9":"tag-actualites","10":"tag-eu","11":"tag-europe","12":"tag-fr","13":"tag-france","14":"tag-news","15":"tag-nice","16":"tag-provence-alpes-cote-dazur","17":"tag-republique-francaise","18":"tag-vie-locale"},"share_on_mastodon":{"url":"https:\/\/pubeurope.com\/@fr\/114709085778420576","error":""},"_links":{"self":[{"href":"https:\/\/www.europesays.com\/fr\/wp-json\/wp\/v2\/posts\/187960","targetHints":{"allow":["GET"]}}],"collection":[{"href":"https:\/\/www.europesays.com\/fr\/wp-json\/wp\/v2\/posts"}],"about":[{"href":"https:\/\/www.europesays.com\/fr\/wp-json\/wp\/v2\/types\/post"}],"author":[{"embeddable":true,"href":"https:\/\/www.europesays.com\/fr\/wp-json\/wp\/v2\/users\/2"}],"replies":[{"embeddable":true,"href":"https:\/\/www.europesays.com\/fr\/wp-json\/wp\/v2\/comments?post=187960"}],"version-history":[{"count":0,"href":"https:\/\/www.europesays.com\/fr\/wp-json\/wp\/v2\/posts\/187960\/revisions"}],"wp:featuredmedia":[{"embeddable":true,"href":"https:\/\/www.europesays.com\/fr\/wp-json\/wp\/v2\/media\/187961"}],"wp:attachment":[{"href":"https:\/\/www.europesays.com\/fr\/wp-json\/wp\/v2\/media?parent=187960"}],"wp:term":[{"taxonomy":"category","embeddable":true,"href":"https:\/\/www.europesays.com\/fr\/wp-json\/wp\/v2\/categories?post=187960"},{"taxonomy":"post_tag","embeddable":true,"href":"https:\/\/www.europesays.com\/fr\/wp-json\/wp\/v2\/tags?post=187960"}],"curies":[{"name":"wp","href":"https:\/\/api.w.org\/{rel}","templated":true}]}}