{"id":187962,"date":"2025-06-19T08:28:14","date_gmt":"2025-06-19T08:28:14","guid":{"rendered":"https:\/\/www.europesays.com\/fr\/187962\/"},"modified":"2025-06-19T08:28:14","modified_gmt":"2025-06-19T08:28:14","slug":"nice-la-baignade-tourne-mal-un-jeune-homme-victime-dune-noyade-sur-cette-plage","status":"publish","type":"post","link":"https:\/\/www.europesays.com\/fr\/187962\/","title":{"rendered":"Nice. La baignade tourne mal, un jeune homme victime d&rsquo;une noyade sur cette plage"},"content":{"rendered":"<p>            Par<br \/>\n        <strong><br \/>\n            <a href=\"https:\/\/actu.fr\/auteur\/ugo-maillard\" title=\"Consulter tous les articles de Ugo Maillard\" rel=\"nofollow noopener\" target=\"_blank\">Ugo Maillard<\/a><br \/>\n        <\/strong><\/p>\n<p>        Publi\u00e9 le<\/p>\n<p>            19 juin 2025 \u00e0 9h59        <\/p>\n<p>Les secours ont \u00e9t\u00e9 appel\u00e9s ce mercredi 18\u00a0juin 2025 sur la plage de Carras \u00e0 Nice. Les sapeurs-pompiers des <a href=\"https:\/\/actu.fr\/provence-alpes-cote-d-azur\/alpes-maritimes_06\" rel=\"nofollow noopener\" target=\"_blank\">Alpes-Maritimes<\/a> ont pris en charge un homme d\u2019une vingtaine <strong>victime d\u2019une noyade<\/strong>.<\/p>\n<p>    <a href=\"https:\/\/www.google.com\/maps\/embed?pb=!1m18!1m12!1m3!1d11541.79270232308!2d7.217708459897779!3d43.6804452!2m3!1f0!2f0!3f0!3m2!1i1024!2i768!4f13.1!3m3!1m2!1s0x12cdd05709412201%3A0xdc186def9e71ad5d!2sPlage%20de%20Carras!5e0!3m2!1sfr!2sfr!4v1750318668373!5m2!1sfr!2sfr\" title=\"Ouvrie le lien\" rel=\"nofollow noopener\" target=\"_blank\">Cliquez ici pour visualiser le contenu<\/a><\/p>\n<p class=\" wall-content\">Sortie de l\u2019eau par des t\u00e9moins, la victime a \u00e9t\u00e9 prise en charge par les m\u00e9decins du Smur qui ont entam\u00e9 une tentative de r\u00e9animation.<\/p>\n<p>Son pronostic vital engag\u00e9<\/p>\n<p class=\" wall-content\">Selon les informations des pompiers transmises \u00e0 <a href=\"https:\/\/actu.fr\/nice\/\" rel=\"nofollow noopener\" target=\"_blank\">actu Nice<\/a>, le jeune homme a \u00e9t\u00e9 transport\u00e9 \u00e0 l\u2019h\u00f4pital de Pasteur 2 \u2013 Nice, <strong>dans un \u00e9tat grave<\/strong> puisque son pronostic vital \u00e9tait engag\u00e9.<\/p>\n<p class=\" wall-content\">La police \u00e9tait sur place, mais les circonstances de cette noyade ne sont pas encore connues.<\/p>\n<p>Vid\u00e9os : en ce moment sur Actu<\/p>\n<p class=\" wall-content\">Suivez toute l\u2019actualit\u00e9 de vos villes et m\u00e9dias favoris en vous inscrivant \u00e0 <a href=\"https:\/\/moncompte.actu.fr\" title=\"D\u00e9couvez Mon Actu\" rel=\"nofollow noopener\" data-trk=\"{&quot;cta&quot;:{&quot;action&quot;:&quot;https:\\\/\\\/moncompte.actu.fr&quot;,&quot;category&quot;:&quot;mon compte&quot;,&quot;from&quot;:&quot;article footer&quot;,&quot;name&quot;:&quot;Mon actu&quot;,&quot;type&quot;:&quot;cta&quot;}}\" target=\"_blank\">Mon Actu<\/a>.<\/p>\n","protected":false},"excerpt":{"rendered":"Par Ugo Maillard Publi\u00e9 le 19 juin 2025 \u00e0 9h59 Les secours ont \u00e9t\u00e9 appel\u00e9s ce mercredi 18\u00a0juin&hellip;\n","protected":false},"author":2,"featured_media":98843,"comment_status":"","ping_status":"","sticky":false,"template":"","format":"standard","meta":{"footnotes":""},"categories":[2819],"tags":[1111,11,1777,674,118,1011,27,12,2401,8302,1311,882,25],"class_list":{"0":"post-187962","1":"post","2":"type-post","3":"status-publish","4":"format-standard","5":"has-post-thumbnail","7":"category-nice","8":"tag-actu","9":"tag-actualites","10":"tag-eu","11":"tag-europe","12":"tag-faits-divers","13":"tag-fr","14":"tag-france","15":"tag-news","16":"tag-nice","17":"tag-plages","18":"tag-pompiers","19":"tag-provence-alpes-cote-dazur","20":"tag-republique-francaise"},"share_on_mastodon":{"url":"https:\/\/pubeurope.com\/@fr\/114709089857765054","error":""},"_links":{"self":[{"href":"https:\/\/www.europesays.com\/fr\/wp-json\/wp\/v2\/posts\/187962","targetHints":{"allow":["GET"]}}],"collection":[{"href":"https:\/\/www.europesays.com\/fr\/wp-json\/wp\/v2\/posts"}],"about":[{"href":"https:\/\/www.europesays.com\/fr\/wp-json\/wp\/v2\/types\/post"}],"author":[{"embeddable":true,"href":"https:\/\/www.europesays.com\/fr\/wp-json\/wp\/v2\/users\/2"}],"replies":[{"embeddable":true,"href":"https:\/\/www.europesays.com\/fr\/wp-json\/wp\/v2\/comments?post=187962"}],"version-history":[{"count":0,"href":"https:\/\/www.europesays.com\/fr\/wp-json\/wp\/v2\/posts\/187962\/revisions"}],"wp:featuredmedia":[{"embeddable":true,"href":"https:\/\/www.europesays.com\/fr\/wp-json\/wp\/v2\/media\/98843"}],"wp:attachment":[{"href":"https:\/\/www.europesays.com\/fr\/wp-json\/wp\/v2\/media?parent=187962"}],"wp:term":[{"taxonomy":"category","embeddable":true,"href":"https:\/\/www.europesays.com\/fr\/wp-json\/wp\/v2\/categories?post=187962"},{"taxonomy":"post_tag","embeddable":true,"href":"https:\/\/www.europesays.com\/fr\/wp-json\/wp\/v2\/tags?post=187962"}],"curies":[{"name":"wp","href":"https:\/\/api.w.org\/{rel}","templated":true}]}}