{"id":187977,"date":"2025-06-19T08:37:09","date_gmt":"2025-06-19T08:37:09","guid":{"rendered":"https:\/\/www.europesays.com\/fr\/187977\/"},"modified":"2025-06-19T08:37:09","modified_gmt":"2025-06-19T08:37:09","slug":"six-dentistes-marseillais-suspendus-par-lars-pour-des-manquements-aux-regles-dhygiene","status":"publish","type":"post","link":"https:\/\/www.europesays.com\/fr\/187977\/","title":{"rendered":"Six dentistes marseillais suspendus par l&rsquo;ARS pour des manquements aux r\u00e8gles d&rsquo;hygi\u00e8ne"},"content":{"rendered":"<p>Simple laisser-aller ou praticiens peu scrupuleux\u00a0? Dans le 14e arrondissement de Marseille, le cabinet du 165 chemin de Gibbes, o\u00f9 collaborent six dentistes lib\u00e9raux, a \u00e9t\u00e9 contraint de fermer<strong> <\/strong>temporairement<strong> <\/strong>par l\u2019Agence r\u00e9gionale de sant\u00e9 (ARS) lundi 16\u00a0juin. <a href=\"https:\/\/www.laprovence.com\/article\/faits-divers-justice\/6836437070168114\/pratiques-frauduleuses-des-centres-dentaires-deconventionnes-par-lassurance-maladie-en-paca\" target=\"_blank\" rel=\"noopener\">Les six praticiens ont \u00e9t\u00e9 suspendus<\/a> provisoirement pour \u00ab\u00a0des manquements aux r\u00e8gles d\u2019hygi\u00e8ne et de st\u00e9rilisation, indispensables \u00e0 toute activit\u00e9 dentaire\u00a0\u00bb.<\/p>\n<p>C\u2019est ce qui est ressorti d\u2019une \u00ab\u00a0inspection inopin\u00e9e\u00a0\u00bb, le 3\u00a0juin dernier\u00a0: \u00ab\u00a0absence de traitement st\u00e9rile des porte-instruments rotatifs, salle de st\u00e9rilisation inadapt\u00e9e, dispositifs m\u00e9dicaux mal trac\u00e9s ou non conformes, pratiques d\u2019implantologie en dehors des recommandations en vigueur\u00a0\u00bb, d\u00e9taille l\u2019ARS.<\/p>\n","protected":false},"excerpt":{"rendered":"Simple laisser-aller ou praticiens peu scrupuleux\u00a0? Dans le 14e arrondissement de Marseille, le cabinet du 165 chemin de&hellip;\n","protected":false},"author":2,"featured_media":187978,"comment_status":"","ping_status":"","sticky":false,"template":"","format":"standard","meta":{"footnotes":""},"categories":[2814],"tags":[17,1111,11,32570,1777,674,1011,27,32572,761,884,12,5912,471,882,16,25,18847,32571],"class_list":{"0":"post-187977","1":"post","2":"type-post","3":"status-publish","4":"format-standard","5":"has-post-thumbnail","7":"category-marseille","8":"tag-17","9":"tag-actu","10":"tag-actualites","11":"tag-dentistes","12":"tag-eu","13":"tag-europe","14":"tag-fr","15":"tag-france","16":"tag-lars","17":"tag-marseillais","18":"tag-marseille","19":"tag-news","20":"tag-par","21":"tag-pour","22":"tag-provence-alpes-cote-dazur","23":"tag-region","24":"tag-republique-francaise","25":"tag-six","26":"tag-suspendus"},"share_on_mastodon":{"url":"https:\/\/pubeurope.com\/@fr\/114709125065980546","error":""},"_links":{"self":[{"href":"https:\/\/www.europesays.com\/fr\/wp-json\/wp\/v2\/posts\/187977","targetHints":{"allow":["GET"]}}],"collection":[{"href":"https:\/\/www.europesays.com\/fr\/wp-json\/wp\/v2\/posts"}],"about":[{"href":"https:\/\/www.europesays.com\/fr\/wp-json\/wp\/v2\/types\/post"}],"author":[{"embeddable":true,"href":"https:\/\/www.europesays.com\/fr\/wp-json\/wp\/v2\/users\/2"}],"replies":[{"embeddable":true,"href":"https:\/\/www.europesays.com\/fr\/wp-json\/wp\/v2\/comments?post=187977"}],"version-history":[{"count":0,"href":"https:\/\/www.europesays.com\/fr\/wp-json\/wp\/v2\/posts\/187977\/revisions"}],"wp:featuredmedia":[{"embeddable":true,"href":"https:\/\/www.europesays.com\/fr\/wp-json\/wp\/v2\/media\/187978"}],"wp:attachment":[{"href":"https:\/\/www.europesays.com\/fr\/wp-json\/wp\/v2\/media?parent=187977"}],"wp:term":[{"taxonomy":"category","embeddable":true,"href":"https:\/\/www.europesays.com\/fr\/wp-json\/wp\/v2\/categories?post=187977"},{"taxonomy":"post_tag","embeddable":true,"href":"https:\/\/www.europesays.com\/fr\/wp-json\/wp\/v2\/tags?post=187977"}],"curies":[{"name":"wp","href":"https:\/\/api.w.org\/{rel}","templated":true}]}}