{"id":187981,"date":"2025-06-19T08:39:15","date_gmt":"2025-06-19T08:39:15","guid":{"rendered":"https:\/\/www.europesays.com\/fr\/187981\/"},"modified":"2025-06-19T08:39:15","modified_gmt":"2025-06-19T08:39:15","slug":"la-colere-gronde-apres-la-fermeture-partielle-du-quai-romain-rolland-a-lyon","status":"publish","type":"post","link":"https:\/\/www.europesays.com\/fr\/187981\/","title":{"rendered":"la col\u00e8re gronde apr\u00e8s la fermeture partielle du quai Romain-Rolland \u00e0 Lyon"},"content":{"rendered":"<p>Depuis la fin du mois de mai, une portion du quai Romain-Rolland, dans le 5e arrondissement de Lyon, est bloqu\u00e9e \u00e0 la circulation automobile \u00e0 hauteur du pont Mar\u00e9chal-Juin.<\/p>\n<p>Une mesure \u00e0 priori temporaire, pr\u00e9sent\u00e9e par la M\u00e9tropole \u00e9cologiste comme une\u00a0\u00ab\u00a0exp\u00e9rimentation\u00a0\u00bb, pour permettre le passage de plusieurs lignes de bus sur le pont et \u00ab\u00a0am\u00e9liorer la fiabilit\u00e9 des transports en commun\u00a0\u00bb.<\/p>\n<p>Mais l\u2019am\u00e9nagement ne passe pas. Les automobilistes qui sortent du parking Saint-Jean doivent d\u00e9sormais traverser deux fois la Sa\u00f4ne pour rejoindre les quais du 1er ou du 9e arrondissement. Une contrainte qui suscite l\u2019incompr\u00e9hension, notamment sur les r\u00e9seaux sociaux.<\/p>\n<p>En effet, m\u00eame lorsque des automobilistes\u00a0comptaient remonter vers Saint-Paul ou Vaise, ces\u00a0derniers n\u2019ont d\u2019autre choix que de plonger dans les embouteillages du quai Saint-Antoine.\u00a0<\/p>\n<p>Le 24 mai, Thomas Rudigoz, conseiller m\u00e9tropolitain et ancien maire du 5e, d\u00e9non\u00e7ait : \u00ab\u00a0Le sectarisme \u00e9cologiste frappe encore Lyon : cette nuit, sans pr\u00e9venir riverains et commer\u00e7ants du Vieux-Lyon, B.Bernard &amp; G.Doucet ont restreint l\u2019acc\u00e8s depuis le parking St Jean. Interdit de rejoindre St Paul, St Just, Vaise\u2026 Seule issue : les bouchons du quai St Antoine !\u00a0\u00bb<\/p>\n<p>Cette semaine, une nouvelle marque de protestation a \u00e9merg\u00e9. Un tag noir, sobre et lisible, a \u00e9t\u00e9 inscrit sur les blocs de b\u00e9ton install\u00e9s par la M\u00e9tropole : \u00ab\u00a0SOS M.Aulas!\u00a0\u00bb. Un appel direct \u00e0 Jean-Michel Aulas, l\u2019ancien pr\u00e9sident de l\u2019Olympique lyonnais, souvent \u00e9voqu\u00e9 comme une alternative politique face \u00e0 l\u2019ex\u00e9cutif \u00e9cologiste, bien qu\u2019il n\u2019ait pas encore officialis\u00e9 sa candidature.<\/p>\n<p>La M\u00e9tropole de Lyon assure que le dispositif reste r\u00e9versible, avec une \u00e9valuation pr\u00e9vue sur six mois. Mais dans ce secteur class\u00e9, entre contraintes de mobilit\u00e9 et symboles de m\u00e9contentement, le climat reste tendu.<\/p>\n","protected":false},"excerpt":{"rendered":"Depuis la fin du mois de mai, une portion du quai Romain-Rolland, dans le 5e arrondissement de Lyon,&hellip;\n","protected":false},"author":2,"featured_media":187982,"comment_status":"","ping_status":"","sticky":false,"template":"","format":"standard","meta":{"footnotes":""},"categories":[1889],"tags":[1111,11,2813,2190,2430,1109,251,1112,2811,1777,674,118,1011,27,1922,1110,1114,2428,2810,12,241,316,25,2812,517,800],"class_list":{"0":"post-187981","1":"post","2":"type-post","3":"status-publish","4":"format-standard","5":"has-post-thumbnail","7":"category-lyon","8":"tag-actu","9":"tag-actualites","10":"tag-article","11":"tag-asvel","12":"tag-auvergne-rhone-alpes","13":"tag-breves","14":"tag-culture","15":"tag-depeches","16":"tag-economique","17":"tag-eu","18":"tag-europe","19":"tag-faits-divers","20":"tag-fr","21":"tag-france","22":"tag-info","23":"tag-informations","24":"tag-infos","25":"tag-lyon","26":"tag-lyonmag","27":"tag-news","28":"tag-ol","29":"tag-politique","30":"tag-republique-francaise","31":"tag-sociale","32":"tag-sport","33":"tag-transports"},"share_on_mastodon":{"url":"https:\/\/pubeurope.com\/@fr\/114709132955594613","error":""},"_links":{"self":[{"href":"https:\/\/www.europesays.com\/fr\/wp-json\/wp\/v2\/posts\/187981","targetHints":{"allow":["GET"]}}],"collection":[{"href":"https:\/\/www.europesays.com\/fr\/wp-json\/wp\/v2\/posts"}],"about":[{"href":"https:\/\/www.europesays.com\/fr\/wp-json\/wp\/v2\/types\/post"}],"author":[{"embeddable":true,"href":"https:\/\/www.europesays.com\/fr\/wp-json\/wp\/v2\/users\/2"}],"replies":[{"embeddable":true,"href":"https:\/\/www.europesays.com\/fr\/wp-json\/wp\/v2\/comments?post=187981"}],"version-history":[{"count":0,"href":"https:\/\/www.europesays.com\/fr\/wp-json\/wp\/v2\/posts\/187981\/revisions"}],"wp:featuredmedia":[{"embeddable":true,"href":"https:\/\/www.europesays.com\/fr\/wp-json\/wp\/v2\/media\/187982"}],"wp:attachment":[{"href":"https:\/\/www.europesays.com\/fr\/wp-json\/wp\/v2\/media?parent=187981"}],"wp:term":[{"taxonomy":"category","embeddable":true,"href":"https:\/\/www.europesays.com\/fr\/wp-json\/wp\/v2\/categories?post=187981"},{"taxonomy":"post_tag","embeddable":true,"href":"https:\/\/www.europesays.com\/fr\/wp-json\/wp\/v2\/tags?post=187981"}],"curies":[{"name":"wp","href":"https:\/\/api.w.org\/{rel}","templated":true}]}}