{"id":18799,"date":"2025-04-12T01:56:12","date_gmt":"2025-04-12T01:56:12","guid":{"rendered":"https:\/\/www.europesays.com\/fr\/18799\/"},"modified":"2025-04-12T01:56:12","modified_gmt":"2025-04-12T01:56:12","slug":"lenvoye-americain-witkoff-rencontre-poutine-pour-la-troisieme-fois-en-russie-pour-discuter-du-cessez-le-feu-en-ukraine-2","status":"publish","type":"post","link":"https:\/\/www.europesays.com\/fr\/18799\/","title":{"rendered":"L&rsquo;envoy\u00e9 am\u00e9ricain Witkoff rencontre Poutine pour la troisi\u00e8me fois en Russie pour discuter du cessez-le-feu en Ukraine"},"content":{"rendered":"<p>L&rsquo;envoy\u00e9 sp\u00e9cial des \u00c9tats-Unis pour le Moyen-Orient, Steve Witkoff, se trouve en Russie pour des entretiens avec le pr\u00e9sident russe Vladimir Poutine. Il s&rsquo;agit de la troisi\u00e8me rencontre de ce type pour tenter d&rsquo;amener le Kremlin \u00e0 accepter un cessez-le-feu total en Ukraine.<\/p>\n<p>M. Witkoff, qui fait pression sur le Kremlin pour qu&rsquo;il accepte une tr\u00eave, a d&rsquo;abord rencontr\u00e9 l&rsquo;envoy\u00e9 de M. Poutine, Kirill Dmitriev. Cette rencontre intervient alors que l&rsquo;on s&rsquo;interroge de plus en plus sur la volont\u00e9 de M. Poutine de mettre fin \u00e0 une guerre qui dure depuis plus de trois ans.<\/p>\n<p>Plus t\u00f4t dans la journ\u00e9e de vendredi, le pr\u00e9sident am\u00e9ricain Donald Trump a \u00e9crit sur sa plateforme de m\u00e9dias sociaux Truth Social que \u00ab\u00a0la Russie doit agir\u00a0\u00bb pour mettre fin \u00e0 la guerre, ajoutant qu&rsquo;elle \u00e9tait \u00ab\u00a0terrible et insens\u00e9e\u00a0\u00bb.<\/p>\n<p>L&rsquo;Ukraine a approuv\u00e9 une proposition de cessez-le-feu des \u00c9tats-Unis, mais la Russie l&rsquo;a effectivement bloqu\u00e9e en imposant des conditions d&rsquo;une port\u00e9e consid\u00e9rable.<\/p>\n<p><b class=\"c-widget-related__title__text\">Related<\/b><\/p>\n<p>Les gouvernements europ\u00e9ens ont accus\u00e9 M. Poutine de tra\u00eener les pieds.<\/p>\n<p>Le porte-parole du Kremlin, Dmitri Peskov, a d\u00e9clar\u00e9 avant les discussions que \u00ab\u00a0l&rsquo;on ne s&rsquo;attend pas \u00e0 des perc\u00e9es\u00a0\u00bb, ajoutant que \u00ab\u00a0le processus de normalisation des relations se poursuit.\u00a0\u00bb<\/p>\n<p><strong>\u00ab\u00a0La Russie continue d&rsquo;utiliser les discussions bilat\u00e9rales avec les \u00c9tats-Unis pour retarder les n\u00e9gociations sur la guerre en Ukraine, ce qui sugg\u00e8re que le Kremlin n&rsquo;est toujours pas int\u00e9ress\u00e9 par des n\u00e9gociations de paix s\u00e9rieuses pour mettre fin \u00e0 la guerre\u00a0\u00bb<\/strong>, a d\u00e9clar\u00e9 l&rsquo;Institute for the Study of War, un groupe de r\u00e9flexion bas\u00e9 \u00e0 Washington, dans une \u00e9valuation publi\u00e9e jeudi en fin de journ\u00e9e.<\/p>\n<p>Washington reste d\u00e9termin\u00e9 \u00e0 obtenir un accord de paix, m\u00eame si quatre semaines se sont \u00e9coul\u00e9es depuis qu&rsquo;il a fait ses propositions de cessez-le-feu, a d\u00e9clar\u00e9 la porte-parole du d\u00e9partement d&rsquo;\u00c9tat, Tammy Bruce.<\/p>\n<p>\u00ab\u00a0Il s&rsquo;agit d&rsquo;une dynamique qui ne sera pas r\u00e9solue militairement. C&rsquo;est un hachoir \u00e0 viande\u00a0\u00bb, a d\u00e9clar\u00e9 Mme Bruce, ajoutant que \u00ab\u00a0rien d&rsquo;autre ne peut \u00eatre discut\u00e9 (&#8230;) tant que les tirs et les meurtres n&rsquo;auront pas cess\u00e9\u00a0\u00bb.<\/p>\n","protected":false},"excerpt":{"rendered":"L&rsquo;envoy\u00e9 sp\u00e9cial des \u00c9tats-Unis pour le Moyen-Orient, Steve Witkoff, se trouve en Russie pour des entretiens avec le&hellip;\n","protected":false},"author":2,"featured_media":18800,"comment_status":"","ping_status":"","sticky":false,"template":"","format":"standard","meta":{"footnotes":""},"categories":[1591],"tags":[11,73,1887,7403,7402,12,1885,1886,132,6989,220,135],"class_list":{"0":"post-18799","1":"post","2":"type-post","3":"status-publish","4":"format-standard","5":"has-post-thumbnail","7":"category-russie","8":"tag-actualites","9":"tag-etats-unis","10":"tag-federation-de-russie","11":"tag-la-guerre","12":"tag-le-moyen-orient","13":"tag-news","14":"tag-russia","15":"tag-russian-federation","16":"tag-russie","17":"tag-steve-witkoff","18":"tag-ukraine","19":"tag-vladimir-poutine"},"share_on_mastodon":{"url":"https:\/\/pubeurope.com\/@fr\/114322511250984462","error":""},"_links":{"self":[{"href":"https:\/\/www.europesays.com\/fr\/wp-json\/wp\/v2\/posts\/18799","targetHints":{"allow":["GET"]}}],"collection":[{"href":"https:\/\/www.europesays.com\/fr\/wp-json\/wp\/v2\/posts"}],"about":[{"href":"https:\/\/www.europesays.com\/fr\/wp-json\/wp\/v2\/types\/post"}],"author":[{"embeddable":true,"href":"https:\/\/www.europesays.com\/fr\/wp-json\/wp\/v2\/users\/2"}],"replies":[{"embeddable":true,"href":"https:\/\/www.europesays.com\/fr\/wp-json\/wp\/v2\/comments?post=18799"}],"version-history":[{"count":0,"href":"https:\/\/www.europesays.com\/fr\/wp-json\/wp\/v2\/posts\/18799\/revisions"}],"wp:featuredmedia":[{"embeddable":true,"href":"https:\/\/www.europesays.com\/fr\/wp-json\/wp\/v2\/media\/18800"}],"wp:attachment":[{"href":"https:\/\/www.europesays.com\/fr\/wp-json\/wp\/v2\/media?parent=18799"}],"wp:term":[{"taxonomy":"category","embeddable":true,"href":"https:\/\/www.europesays.com\/fr\/wp-json\/wp\/v2\/categories?post=18799"},{"taxonomy":"post_tag","embeddable":true,"href":"https:\/\/www.europesays.com\/fr\/wp-json\/wp\/v2\/tags?post=18799"}],"curies":[{"name":"wp","href":"https:\/\/api.w.org\/{rel}","templated":true}]}}