{"id":188003,"date":"2025-06-19T08:51:10","date_gmt":"2025-06-19T08:51:10","guid":{"rendered":"https:\/\/www.europesays.com\/fr\/188003\/"},"modified":"2025-06-19T08:51:10","modified_gmt":"2025-06-19T08:51:10","slug":"friedrich-merz-salue-la-cohesion-du-g7","status":"publish","type":"post","link":"https:\/\/www.europesays.com\/fr\/188003\/","title":{"rendered":"Friedrich Merz salue la \u00ab coh\u00e9sion \u00bb du G7"},"content":{"rendered":"<p class=\"rte__paragraph\">Moyen-Orient, Ukraine, croissance mondiale, intelligence artificielle : un ordre du jour dense attendait les dirigeants des sept pays les plus industrialis\u00e9s \u00e0 la table du sommet du G7 (\u00c9tats-Unis, Allemagne, Italie, France, Royaume-Uni, Canada, Japon) en d\u00e9but de semaine \u00e0 Kananaskis (Canada). L\u2019Allemagne y \u00e9tait repr\u00e9sent\u00e9e pour la premi\u00e8re fois par Friedrich Merz. Le chancelier s\u2019est d\u00e9clar\u00e9 \u00ab\u00a0tr\u00e8s satisfait\u00a0\u00bb du d\u00e9roulement du sommet. <\/p>\n<p><strong class=\"rte__strong\">\u00ab\u00a0Consensus total\u00a0\u00bb entre les pays du G7<\/strong><\/p>\n<p class=\"rte__paragraph\">\u00ab\u00a0Il y a eu un consensus total entre les pays du G7 sur tous les sujets, y compris sur les conclusions que nous tirons de ces sujets\u00a0\u00bb, a-t-il rapport\u00e9. Les participants ont notamment abord\u00e9 la situation de l\u2019\u00e9conomie mondiale, l\u2019approvisionnement en mati\u00e8res premi\u00e8res, ainsi que les r\u00e9percussions des conflits au Moyen-Orient et en Ukraine. \u00ab\u00a0Nous avons \u00e9chang\u00e9 des points de vue diff\u00e9rents et sommes parvenus \u00e0 des r\u00e9sultats communs\u00a0\u00bb, s\u2019est f\u00e9licit\u00e9 le chancelier.<\/p>\n<p class=\"rte__paragraph\">Concr\u00e8tement, le G7 de Kananaskis a permis la signature de sept d\u00e9clarations communes finales. Elles portent sur la lutte contre les migrations irr\u00e9guli\u00e8res et les passeurs, la lutte contre les incendies de for\u00eat, la mise en \u0153uvre d\u2019un plan d\u2019action sur les mati\u00e8res premi\u00e8res critiques, l\u2019intelligence artificielle et une vision commune de l\u2019avenir des technologies quantiques. <\/p>\n<p><strong class=\"rte__strong\">Position commune sur la guerre entre Isra\u00ebl et l\u2019Iran<\/strong><\/p>\n<p class=\"rte__paragraph\">Le G7 a \u00e9galement publi\u00e9 une prise de position commune sur la guerre entre Isra\u00ebl et l\u2019Iran. Il y r\u00e9affirme le droit d\u2019Isra\u00ebl \u00e0 la l\u00e9gitime d\u00e9fense, appelle \u00e0 la protection des civils et \u00e9nonce en toute clart\u00e9 que l\u2019Iran ne doit jamais poss\u00e9der l\u2019arme nucl\u00e9aire.<\/p>\n<p><strong class=\"rte__strong\">Soutien \u00e0 l\u2019Ukraine<\/strong><\/p>\n<p class=\"rte__paragraph\">Au deuxi\u00e8me jour du sommet, apr\u00e8s le d\u00e9part du pr\u00e9sident am\u00e9ricain, Donald Trump, le pr\u00e9sident ukrainien, Volodymyr Zelensky, a rejoint le sommet. Le G7 comme l\u2019Union europ\u00e9enne (UE) l\u2019ont r\u00e9affirm\u00e9, a soulign\u00e9 M. Merz : \u00ab\u00a0Nous continuerons \u00e0 soutenir l\u2019Ukraine militairement.\u00a0\u00bb Le chancelier s\u2019est d\u00e9clar\u00e9 \u00ab\u00a0prudemment optimiste\u00a0\u00bb sur le fait que des d\u00e9cisions soient prises par Washington dans les prochains jours pour la prise de nouvelles sanctions contre la Russie. Le G7 n\u2019a toutefois pas publi\u00e9 de d\u00e9claration commune sur l\u2019Ukraine.<\/p>\n<p class=\"rte__paragraph\">\u00ab\u00a0Ce sommet repr\u00e9sente pour moi une opportunit\u00e9 majeure de dialogue, \u00e0 un moment o\u00f9 le monde est confront\u00e9 \u00e0 de grands d\u00e9fis\u00a0\u00bb, a conclu le chef du gouvernement allemand. \u00ab\u00a0Notre objectif principal est clair : les sept principales puissances industrielles sont unies et pleinement capables d\u2019agir\u00a0\u00bb.<\/p>\n<p class=\"rte__paragraph\">A.L.<\/p>\n<p><a href=\"https:\/\/www.bundesregierung.de\/breg-de\/aktuelles\/g7-gipfel-kanada-2354348\" class=\"rte__anchor i-icon_arrow_external\" rel=\"nofollow noopener\" target=\"_blank\">En savoir plus<\/a><\/p>\n","protected":false},"excerpt":{"rendered":"Moyen-Orient, Ukraine, croissance mondiale, intelligence artificielle : un ordre du jour dense attendait les dirigeants des sept pays&hellip;\n","protected":false},"author":2,"featured_media":188004,"comment_status":"","ping_status":"","sticky":false,"template":"","format":"standard","meta":{"footnotes":""},"categories":[1587],"tags":[11,672,1804,1805,1803,1777,674,1801,12,1802],"class_list":{"0":"post-188003","1":"post","2":"type-post","3":"status-publish","4":"format-standard","5":"has-post-thumbnail","7":"category-allemagne","8":"tag-actualites","9":"tag-allemagne","10":"tag-bundesrepublik-deutschland","11":"tag-de","12":"tag-deutschland","13":"tag-eu","14":"tag-europe","15":"tag-germany","16":"tag-news","17":"tag-republique-federale-dallemagne"},"share_on_mastodon":{"url":"https:\/\/pubeurope.com\/@fr\/114709180126992685","error":""},"_links":{"self":[{"href":"https:\/\/www.europesays.com\/fr\/wp-json\/wp\/v2\/posts\/188003","targetHints":{"allow":["GET"]}}],"collection":[{"href":"https:\/\/www.europesays.com\/fr\/wp-json\/wp\/v2\/posts"}],"about":[{"href":"https:\/\/www.europesays.com\/fr\/wp-json\/wp\/v2\/types\/post"}],"author":[{"embeddable":true,"href":"https:\/\/www.europesays.com\/fr\/wp-json\/wp\/v2\/users\/2"}],"replies":[{"embeddable":true,"href":"https:\/\/www.europesays.com\/fr\/wp-json\/wp\/v2\/comments?post=188003"}],"version-history":[{"count":0,"href":"https:\/\/www.europesays.com\/fr\/wp-json\/wp\/v2\/posts\/188003\/revisions"}],"wp:featuredmedia":[{"embeddable":true,"href":"https:\/\/www.europesays.com\/fr\/wp-json\/wp\/v2\/media\/188004"}],"wp:attachment":[{"href":"https:\/\/www.europesays.com\/fr\/wp-json\/wp\/v2\/media?parent=188003"}],"wp:term":[{"taxonomy":"category","embeddable":true,"href":"https:\/\/www.europesays.com\/fr\/wp-json\/wp\/v2\/categories?post=188003"},{"taxonomy":"post_tag","embeddable":true,"href":"https:\/\/www.europesays.com\/fr\/wp-json\/wp\/v2\/tags?post=188003"}],"curies":[{"name":"wp","href":"https:\/\/api.w.org\/{rel}","templated":true}]}}