{"id":188005,"date":"2025-06-19T08:52:10","date_gmt":"2025-06-19T08:52:10","guid":{"rendered":"https:\/\/www.europesays.com\/fr\/188005\/"},"modified":"2025-06-19T08:52:10","modified_gmt":"2025-06-19T08:52:10","slug":"leurope-en-baisse-avec-la-geopolitique-et-les-banques-centrales-19-06-2025-a-1007","status":"publish","type":"post","link":"https:\/\/www.europesays.com\/fr\/188005\/","title":{"rendered":"L&rsquo;Europe en baisse avec la g\u00e9opolitique et les banques centrales &#8211; 19\/06\/2025 \u00e0 10:07"},"content":{"rendered":"<p>        <img fetchpriority=\"high\" decoding=\"async\" src=\"https:\/\/www.europesays.com\/fr\/wp-content\/uploads\/2025\/06\/fecd2fdc2f4119aac80d03e1769e68da-760x507.jpg\" alt=\"La bourse Euronext dans le quartier d'affaires de La D\u00e9fense \u00e0 Paris\" loading=\"eager\" width=\"760\" height=\"507\" style=\"max-width: 100%!important; height: auto;\"\/><\/p>\n<p class=\"c-image-news__legend\">La bourse Euronext dans le quartier d&rsquo;affaires de La D\u00e9fense \u00e0 Paris<\/p>\n<p>\n Les principales Bourses europ\u00e9ennes sont dans le rouge jeudi dans les premiers \u00e9changes dans un contexte d&rsquo;aversion au risque, en raison des craintes d&rsquo;une aggravation du conflit entre Isra\u00ebl et l&rsquo;Iran et d&rsquo;une possible intervention am\u00e9ricaine.\n<\/p>\n<p>\n Les d\u00e9cisions de plusieurs banques centrales en Europe, dont celle de la Banque d&rsquo;Angleterre (BoE), sont par ailleurs attendues au lendemain du statu quo de la R\u00e9serve f\u00e9d\u00e9rale am\u00e9ricaine (Fed), qui a envoy\u00e9 des signaux contradictoires aux march\u00e9s en se montrant notamment prudente sur la poursuite de l&rsquo;assouplissement mon\u00e9taire en raison des droits de douane.\n<\/p>\n<p>\n \u00c0 Paris, le CAC 40 perd 0,66% \u00e0 7.606,19 points vers 07h10 GMT, apr\u00e8s un repli de 0,36% mercredi. \u00c0 Londres, le FTSE 100 reflue de 0,34% et \u00e0 Francfort, le Dax abandonne 0,49%.\n<\/p>\n<p>\n L&rsquo;indice EuroStoxx 50 r\u00e9gresse de 0,70%, le FTSEurofirst 300 de 0,42% et le Stoxx 600 de 0,58%.\n<\/p>\n<p>\n Les march\u00e9s financiers am\u00e9ricains sont ferm\u00e9s ce jeudi en raison d&rsquo;un jour f\u00e9ri\u00e9, le \u00ab\u00a0Juneteenth\u00a0\u00bb (contraction de juin et de 19e en anglais), c\u00e9l\u00e9brant la fin de l&rsquo;esclavage, apr\u00e8s une cl\u00f4ture en ordre dispers\u00e9 mercredi.\n<\/p>\n<p>\n Signe de la nervosit\u00e9 ambiante, le dollar s&rsquo;affermit, l&rsquo;or monte et la volatilit\u00e9 sur l&rsquo;Euro Stoxx 50 reste \u00e0 un niveau \u00e9lev\u00e9.\n<\/p>\n<p>\n \u00ab\u00a0Les tensions accrues au Proche-Orient continuent de refroidir le sentiment des investisseurs, et le risque de baisse semble s&rsquo;\u00e9tendre\u00a0\u00bb, r\u00e9sume Fumika Shimizu, strat\u00e8ge chez Nomura.\n<\/p>\n<p>\n En Bourse, le secteur du p\u00e9trole et gaz gagne 0,79% alors que les cours du brut sont d\u00e9sormais proches d&rsquo;un sommet de quatre mois et demi, sur fond de crainte de perturbations dans l&rsquo;approvisionnement au Proche-Orient avec la guerre entre l&rsquo;Iran et Isra\u00ebl. Le pr\u00e9sident am\u00e9ricain Donald Trump laisse planer le doute sur une possible intervention militaire des Etats-Unis contre l&rsquo;Iran aux c\u00f4t\u00e9s d&rsquo;Isra\u00ebl.\n<\/p>\n<p>\n Aux valeurs, Pernod Ricard perd 1,01% alors que la soci\u00e9t\u00e9 va regrouper ses activit\u00e9s sous deux divisions principales, selon un document interne consult\u00e9 par Reuters mercredi.\n<\/p>\n<p>\n OPmobility gagne 2,41%, Citi \u00e9tant pass\u00e9 \u00e0 l'\u00a0\u00bbachat\u00a0\u00bb sur l&rsquo;\u00e9quipementier automobile.\n<\/p>\n<p>\n Rio Tinto recule de 1,49% apr\u00e8s avoir accept\u00e9 de d\u00e9bourser 138,75 millions de dollars pour mettre fin \u00e0 un contentieux, le g\u00e9ant minier anglo-australien \u00e9tant accus\u00e9 d&rsquo;avoir tromp\u00e9 les investisseurs sur sa mine d&rsquo;Oyu Tolgoi en Mongolie.\n<\/p>\n<p>\n (R\u00e9dig\u00e9 par Claude Chendjou)<\/p>\n","protected":false},"excerpt":{"rendered":"La bourse Euronext dans le quartier d&rsquo;affaires de La D\u00e9fense \u00e0 Paris Les principales Bourses europ\u00e9ennes sont dans&hellip;\n","protected":false},"author":2,"featured_media":188006,"comment_status":"","ping_status":"","sticky":false,"template":"","format":"standard","meta":{"footnotes":""},"categories":[1586],"tags":[400,11,398,408,405,1777,674,1011,27,403,402,399,404,12,25,401,406,407],"class_list":{"0":"post-188005","1":"post","2":"type-post","3":"status-publish","4":"format-standard","5":"has-post-thumbnail","7":"category-europe","8":"tag-action-cac-40","9":"tag-actualites","10":"tag-bourse-de-paris","11":"tag-boursorama","12":"tag-cotations","13":"tag-eu","14":"tag-europe","15":"tag-fr","16":"tag-france","17":"tag-indices-devises","18":"tag-investir","19":"tag-investissement","20":"tag-marche-boursier","21":"tag-news","22":"tag-republique-francaise","23":"tag-sicav","24":"tag-trackers","25":"tag-warrants"},"share_on_mastodon":{"url":"https:\/\/pubeurope.com\/@fr\/114709184065988877","error":""},"_links":{"self":[{"href":"https:\/\/www.europesays.com\/fr\/wp-json\/wp\/v2\/posts\/188005","targetHints":{"allow":["GET"]}}],"collection":[{"href":"https:\/\/www.europesays.com\/fr\/wp-json\/wp\/v2\/posts"}],"about":[{"href":"https:\/\/www.europesays.com\/fr\/wp-json\/wp\/v2\/types\/post"}],"author":[{"embeddable":true,"href":"https:\/\/www.europesays.com\/fr\/wp-json\/wp\/v2\/users\/2"}],"replies":[{"embeddable":true,"href":"https:\/\/www.europesays.com\/fr\/wp-json\/wp\/v2\/comments?post=188005"}],"version-history":[{"count":0,"href":"https:\/\/www.europesays.com\/fr\/wp-json\/wp\/v2\/posts\/188005\/revisions"}],"wp:featuredmedia":[{"embeddable":true,"href":"https:\/\/www.europesays.com\/fr\/wp-json\/wp\/v2\/media\/188006"}],"wp:attachment":[{"href":"https:\/\/www.europesays.com\/fr\/wp-json\/wp\/v2\/media?parent=188005"}],"wp:term":[{"taxonomy":"category","embeddable":true,"href":"https:\/\/www.europesays.com\/fr\/wp-json\/wp\/v2\/categories?post=188005"},{"taxonomy":"post_tag","embeddable":true,"href":"https:\/\/www.europesays.com\/fr\/wp-json\/wp\/v2\/tags?post=188005"}],"curies":[{"name":"wp","href":"https:\/\/api.w.org\/{rel}","templated":true}]}}