{"id":188011,"date":"2025-06-19T08:55:10","date_gmt":"2025-06-19T08:55:10","guid":{"rendered":"https:\/\/www.europesays.com\/fr\/188011\/"},"modified":"2025-06-19T08:55:10","modified_gmt":"2025-06-19T08:55:10","slug":"la-tournee-cowboy-carter-de-beyonce-ne-lui-a-pas-rempli-les-poches-comme-prevu-mais-profite-a-dautres","status":"publish","type":"post","link":"https:\/\/www.europesays.com\/fr\/188011\/","title":{"rendered":"La tourn\u00e9e \u00ab\u00a0Cowboy Carter\u00a0\u00bb de Beyonc\u00e9 ne lui a pas rempli les poches comme pr\u00e9vu, mais profite \u00e0 d\u2019autres"},"content":{"rendered":"<p>        <img decoding=\"async\" loading=\"lazy\" src=\"https:\/\/www.europesays.com\/fr\/wp-content\/uploads\/2025\/06\/fad1f0e_upload-1-scpwb84mi0yo-063-2191421242.jpg\"  width=\"728\" height=\"409\" alt=\"Beyonc\u00e9, ici au mois de d\u00e9cembre 2024, lors de son concert \u00e0 Houston.\"\/>  <\/p>\n<p>ALEX SLITZ \/ Getty Images via AFP<\/p>\n<p>Beyonc\u00e9, ici au mois de d\u00e9cembre 2024, lors de son concert \u00e0 Houston.<\/p>\n<p class=\"asset asset-text\">MUSIQUE &#8211; Sortez le chapeau de cow-boy, les santiags et votre mini-short en jean, <a href=\"https:\/\/www.huffingtonpost.fr\/culture\/video\/au-concert-de-beyonce-ses-filles-blue-ivy-et-rumi-etaient-aussi-sur-scene_249394.html\" rel=\"nofollow noopener\" target=\"_blank\">Beyonc\u00e9<\/a> arrive. La superstar am\u00e9ricaine de la musique donne, ce jeudi 19\u00a0juin, le premier de ses trois concerts parisiens au Stade de France, plusieurs mois apr\u00e8s avoir sem\u00e9 <a href=\"https:\/\/www.huffingtonpost.fr\/culture\/video\/beyonce-au-stade-de-france-la-prevente-du-cowboy-carter-tour-n-a-pas-ete-de-tout-repos-pour-les-fans_246078.html\" rel=\"nofollow noopener\" target=\"_blank\">un vent de panique<\/a> dans la \u00ab\u00a0BeyHive\u00a0\u00bb lors de <a href=\"https:\/\/www.huffingtonpost.fr\/culture\/article\/beyonce-au-stade-de-france-prevente-code-pour-acheter-un-billet-de-concert-le-parcours-du-combattant_246046.html\" rel=\"nofollow noopener\" target=\"_blank\">la r\u00e9servation des billets<\/a>.<\/p>\n<p class=\"asset asset-text\">Boucles WhatsApp activ\u00e9es, multiplication des ordinateurs connect\u00e9s, analyse d\u00e9taill\u00e9e du plan de la salle et (m\u00eame) des tentatives de d\u00e9couragement des autres acheteurs\u2026 Avec son calendrier de mise en ligne des pr\u00e9ventes, le Cowboy Carter Tour a donn\u00e9 des sueurs froides \u00e0 plus d\u2019un fan. Le prix des places n\u2019y \u00e9tait pas \u00e9tranger.<\/p>\n<p class=\"asset asset-text\">Il fallait compter 107\u00a0euros pour une place classique en pelouse, 200\u00a0euros pour \u00eatre tout devant et 167\u00a0euros dans les gradins en cat\u00e9gorie 1. \u00c0 Londres, seule et unique autre destination europ\u00e9enne o\u00f9 se rend Beyonc\u00e9 cette ann\u00e9e, le budget a aussi explos\u00e9, faisant de cette tourn\u00e9e la plus ch\u00e8re pour une artiste au Royaume-Uni, selon la <a href=\"https:\/\/www.bbc.com\/news\/articles\/cvgvlxk01gvo\" target=\"_blank\" rel=\"noopener nofollow\" title=\"Nouvelle fen\u00eatre\">BBC<\/a>. Aucun des concerts en Europe n\u2019affiche complet.<\/p>\n<p class=\"asset asset-text\">Si de l\u2019autre c\u00f4t\u00e9 de la Manche, certains m\u00e9dias britanniques, comme le <a href=\"https:\/\/www.thesun.co.uk\/tvandshowbiz\/35331354\/beyonce-free-london-tickets-concert\/\" target=\"_blank\" rel=\"noopener nofollow\" title=\"Nouvelle fen\u00eatre\">Sun<\/a>, racontent que des billets ont \u00e9t\u00e9 donn\u00e9s gratuitement \u00e0 des associations caritatives pour \u00e9viter au stade de Tottenham de para\u00eetre vide, les packs VIP ont \u00e9t\u00e9 brad\u00e9s en France. \u00c0 pr\u00e8s de 1\u00a0100\u00a0euros initialement, ils \u00e9taient environ trois fois moins chers sur le site du Stade de France quelques semaines avant les concerts.<\/p>\n<p>                     Le boom chez Levi\u2019s    <\/p>\n<p class=\"asset asset-text\">Il est encore trop t\u00f4t pour parler d\u2019\u00e9chec commercial, m\u00eame s\u2019il y a fort \u00e0 parier que les chiffres seront en de\u00e7\u00e0 de sa pr\u00e9c\u00e9dente tourn\u00e9e. En 2023, le Renaissance World Tour lui avait rapport\u00e9 plus de<strong> <\/strong>579\u00a0millions de dollars de recettes. Mais voil\u00e0, \u00e0 d\u00e9faut de remplir (\u00e9norm\u00e9ment) ses poches autant que pr\u00e9vu, la superstar pourra s\u2019enorgueillir d\u2019une nouveaut\u00e9 cette ann\u00e9e\u00a0: avoir fait profiter d\u2019autres portefeuilles que le sien, dont celui de Levi\u2019s.<\/p>\n<p class=\"asset asset-text\">D\u2019apr\u00e8s une \u00e9tude men\u00e9e par la cha\u00eene de magasins JD Sports, les recherches sur le site pour des jeans de la c\u00e9l\u00e8bre marque ont augment\u00e9 de 250\u00a0% le mois pr\u00e9c\u00e9dant le lancement de la tourn\u00e9e. Rien d\u2019anodin. Visage de la derni\u00e8re campagne Levi\u2019s, Beyonc\u00e9 est aussi l\u2019autrice d\u2019un morceau sur son dernier album intitul\u00e9 Levi\u2019s Jeans.<\/p>\n<p class=\"asset asset-text\">Interrog\u00e9e par le <a href=\"https:\/\/www.nytimes.com\/2024\/05\/01\/style\/beyonce-cowboy-fashion.html\" target=\"_blank\" rel=\"noopener nofollow\" title=\"Nouvelle fen\u00eatre\">New York Times<\/a>, la directrice marketing de la soci\u00e9t\u00e9 d\u2019analyse de donn\u00e9es Launchmetrics d\u00e9clare que dans les deux semaines qui ont suivi la sortie de cette chanson, 1,2\u00a0million de dollars suppl\u00e9mentaires attribu\u00e9s \u00e0 la publicit\u00e9 sur les r\u00e9seaux sociaux ont \u00e9t\u00e9 r\u00e9colt\u00e9s par la marque.<\/p>\n<p class=\"asset asset-text\">Dans la semaine qui a suivi la sortie de l\u2019album, poursuit \u00e0 son tour cet article du <a href=\"https:\/\/www.theguardian.com\/music\/2024\/apr\/12\/beyonce-effect-cowboy-carter-album-levis-fashion-hotlist-double-denim\" target=\"_blank\" rel=\"noopener nofollow\" title=\"Nouvelle fen\u00eatre\">Guardian<\/a>, Levi Strauss &amp;\u00a0Co a m\u00eame constat\u00e9 une augmentation de 20\u00a0% de la fr\u00e9quentation de ses magasins aux \u00c9tats-Unis, et une hausse de 20\u00a0% du cours de son action. \u00ab\u00a0Beyonc\u00e9 a une capacit\u00e9 unique \u00e0 influencer les tendances avec son travail\u00a0\u00bb, explique au quotidien Natalie Dickson, la responsable des partenariats des boutiques de luxe britanniques Flannels.<\/p>\n<p>    La tendance \u00ab\u00a0western\u00a0\u00bb s\u2019affole    <\/p>\n<p class=\"asset asset-text\">Depuis qu\u2019elle a fait de l\u2019esth\u00e9tique \u00ab\u00a0western\u00a0\u00bb son credo vestimentaire pour cet album inspir\u00e9 de la country, les compteurs s\u2019affolent. Selon le site sp\u00e9cialis\u00e9 <a href=\"https:\/\/dk.fashionnetwork.com\/news\/Beyonce-cowboy-carter-tour-drives-uk-surge-in-western-fashion-searches-says-debenhams-group,1738754.html\" target=\"_blank\" rel=\"noopener nofollow\" title=\"Nouvelle fen\u00eatre\">Fashion Network<\/a>, les recherches en mati\u00e8re de vestes de cow-boy ont bondi de 617\u00a0% sur le site de PrettyLittleThing au Royaume-Uni, ce printemps.<\/p>\n<p class=\"asset asset-text\">Mieux, les ventes d\u2019une paire de santiags en simili daim de la cha\u00eene de fast-fashion ont augment\u00e9 de 268\u00a0% en mai. M\u00eame attrait pour ses sacs \u00e0 frange, ceintures clout\u00e9es et autres accessoires. En parall\u00e8le, Boohoo &#8211; autre revendeur de v\u00eatements \u00e0 bas prix &#8211; parle d\u2019une hausse de 40\u00a0% des recherches pour les jorts (contraction de jean et short), et de 58\u00a0% pour les ventes de chapeaux de cow-boy.<\/p>\n<p class=\"asset asset-text\">\u00ab\u00a0L\u2019effet est plan\u00e9taire\u00a0\u00bb, observe Marni Senofonte, styliste am\u00e9ricaine avec qui Beyonc\u00e9 travaille depuis une dizaine d\u2019ann\u00e9es, aupr\u00e8s du New York Times. Jamais dans les diff\u00e9rentes \u00e9tapes de la carri\u00e8re de la chanteuse elle n\u2019avait vu \u00e7a. Pas m\u00eame apr\u00e8s son Super Bowl en 2016\u00a0avec ses looks en hommage aux Black Panther, ou son passage \u00e0 Coachella en 2018.<\/p>\n<p class=\"asset asset-text\">\u00ab\u00a0Pour nous, Beyonc\u00e9 est un indicateur de ce qui va se vendre\u00a0\u00bb, a pour sa part constat\u00e9 \u00e0 <a href=\"https:\/\/www.businessoffashion.com\/articles\/marketing-pr\/beyonces-impact-on-western-wear\/\" target=\"_blank\" rel=\"noopener nofollow\" title=\"Nouvelle fen\u00eatre\">Business of Fashion<\/a> Winnie Park, la directrice g\u00e9n\u00e9rale de Forever 21. Cette derni\u00e8re s\u2019est assur\u00e9e que le chapeau \u00e0 franges diamant\u00e9es de la marque de pr\u00eat-\u00e0-porter soit bien disponible dans toutes les villes o\u00f9 la chanteuse passera aux \u00c9tats-Unis. Difficile aujourd\u2019hui de ne plus associer Queen Bey \u00e0 la country, et ses habits.<\/p>\n","protected":false},"excerpt":{"rendered":"ALEX SLITZ \/ Getty Images via AFP Beyonc\u00e9, ici au mois de d\u00e9cembre 2024, lors de son concert&hellip;\n","protected":false},"author":2,"featured_media":188012,"comment_status":"","ping_status":"","sticky":false,"template":"","format":"standard","meta":{"footnotes":""},"categories":[2],"tags":[11,7362,251,1011,27,985,873,12,25],"class_list":{"0":"post-188011","1":"post","2":"type-post","3":"status-publish","4":"format-standard","5":"has-post-thumbnail","7":"category-actualites","8":"tag-actualites","9":"tag-beyonce","10":"tag-culture","11":"tag-fr","12":"tag-france","13":"tag-mode","14":"tag-musique","15":"tag-news","16":"tag-republique-francaise"},"share_on_mastodon":{"url":"https:\/\/pubeurope.com\/@fr\/114709195900670106","error":""},"_links":{"self":[{"href":"https:\/\/www.europesays.com\/fr\/wp-json\/wp\/v2\/posts\/188011","targetHints":{"allow":["GET"]}}],"collection":[{"href":"https:\/\/www.europesays.com\/fr\/wp-json\/wp\/v2\/posts"}],"about":[{"href":"https:\/\/www.europesays.com\/fr\/wp-json\/wp\/v2\/types\/post"}],"author":[{"embeddable":true,"href":"https:\/\/www.europesays.com\/fr\/wp-json\/wp\/v2\/users\/2"}],"replies":[{"embeddable":true,"href":"https:\/\/www.europesays.com\/fr\/wp-json\/wp\/v2\/comments?post=188011"}],"version-history":[{"count":0,"href":"https:\/\/www.europesays.com\/fr\/wp-json\/wp\/v2\/posts\/188011\/revisions"}],"wp:featuredmedia":[{"embeddable":true,"href":"https:\/\/www.europesays.com\/fr\/wp-json\/wp\/v2\/media\/188012"}],"wp:attachment":[{"href":"https:\/\/www.europesays.com\/fr\/wp-json\/wp\/v2\/media?parent=188011"}],"wp:term":[{"taxonomy":"category","embeddable":true,"href":"https:\/\/www.europesays.com\/fr\/wp-json\/wp\/v2\/categories?post=188011"},{"taxonomy":"post_tag","embeddable":true,"href":"https:\/\/www.europesays.com\/fr\/wp-json\/wp\/v2\/tags?post=188011"}],"curies":[{"name":"wp","href":"https:\/\/api.w.org\/{rel}","templated":true}]}}