{"id":188015,"date":"2025-06-19T08:57:14","date_gmt":"2025-06-19T08:57:14","guid":{"rendered":"https:\/\/www.europesays.com\/fr\/188015\/"},"modified":"2025-06-19T08:57:14","modified_gmt":"2025-06-19T08:57:14","slug":"le-terrain-de-golf-du-bic-fait-peau-neuve","status":"publish","type":"post","link":"https:\/\/www.europesays.com\/fr\/188015\/","title":{"rendered":"Le terrain de golf du Bic fait peau neuve"},"content":{"rendered":"<p class=\"article-bodystyled__StyledText-sc-19uhgql-0 bGeyRM body-paragraph\">Le nouveau propri\u00e9taire, \u00c9ric Fournier, redonne un nouveau souffle \u00e0 ce le lieu embl\u00e9matique de Rimouski, qui est reconnu pour sa vue imprenable sur les \u00eeles du Bic. <\/p>\n<p class=\"article-bodystyled__StyledText-sc-19uhgql-0 bGeyRM body-paragraph\">Alors qu\u2019il \u00e9tait l\u2019un des trois actionnaires de Moment Factory de Montr\u00e9al, \u00c9ric Fournier d\u00e9cide, l\u2019automne dernier, de prendre sa retraite. Presque au m\u00eame moment, l\u2019homme d\u2019affaires apprend que le Club de golf du Bic est techniquement en faillite et qu\u2019il est \u00e0 vendre. <\/p>\n<p class=\"article-bodystyled__StyledText-sc-19uhgql-0 bGeyRM body-paragraph\">\u00abMoi qui ai grandi ici, je trouvais \u00e7a triste qu\u2019un terrain de cette qualit\u00e9, situ\u00e9 dans un site fabuleux, ferme ses portes parce qu\u2019il n\u2019y a plus personne d\u2019int\u00e9ress\u00e9 \u00e0 s\u2019en occuper. Le club de golf du Bic, \u00e7a fait partie de mon ADN. Le d\u00e9cor est magnifique!\u00bb <\/p>\n<p class=\"article-bodystyled__StyledText-sc-19uhgql-0 bGeyRM body-paragraph\">Avant de se lancer dans l\u2019aventure, M. Fournier \u00e9tablit une liste de priorit\u00e9s. Il veut \u00e9tudier et comprendre la situation dans laquelle se trouve l\u2019entreprise qu\u2019il songe \u00e0 sauver. <\/p>\n<blockquote class=\"blockquote\" cite=\"\">\n<p class=\"secondary-font__SecondaryFontStyles-sc-jft5zj-0 kJOXaj\"> \u00abC\u2019\u00e9tait pour que, le jour o\u00f9 je serais propri\u00e9taire, je puisse commencer tout de suite les travaux, pr\u00e9cise-t-il. Il ne fallait pas que je me retrouve au printemps avec rien qui ne soit fait!\u00bb  <\/p>\n<\/blockquote>\n<p class=\"article-bodystyled__StyledText-sc-19uhgql-0 bGeyRM body-paragraph\">\u00c9ric Fournier aime bien le golf, mais il n\u2019est pas un golfeur. Il aime mieux jouer au hockey. De toute fa\u00e7on, son horaire d\u2019homme d\u2019affaires ne lui laissait bien peu de temps. <\/p>\n<p class=\"article-bodystyled__StyledText-sc-19uhgql-0 bGeyRM body-paragraph\">\u00abJ\u2019ai eu une carri\u00e8re hyper exigeante, raconte-t-il. J\u2019ai travaill\u00e9 chez Bombardier et au Cirque du Soleil. Avec les enfants et les d\u00e9placements, \u00e7a ne rentrait pas dans mon agenda. J\u2019arrivais d\u2019Europe le vendredi, j\u2019\u00e9tais sur le d\u00e9calage horaire. Je ne pouvais pas aller jouer au golf le samedi!\u00bb <\/p>\n<p>Achat et ajout d\u2019un b\u00e2timent <\/p>\n<p class=\"article-bodystyled__StyledText-sc-19uhgql-0 bGeyRM body-paragraph\">\u00c9ric Fournier paraphe l\u2019acte de vente le 31 octobre au co\u00fbt d\u2019un million de dollars. Celui-ci est assorti de certaines conditions. Parmi elles, le nouveau propri\u00e9taire doit accorder des droits de jeu aux anciens actionnaires, avec des rabais et des gratuit\u00e9s. <\/p>\n<p class=\"article-bodystyled__StyledText-sc-19uhgql-0 bGeyRM body-paragraph\">\u00abComme autre condition d\u2019achat, il y a une promesse d\u2019investissement de 1,2 million de dollars, ajoute-t-il. Cette promesse \u00e9tait sur cinq ans et je l\u2019ai remplie en un an. Ils voulaient s\u2019assurer que j\u2019allais entretenir le site et le garder en bon \u00e9tat.\u00bb <\/p>\n<p class=\"article-bodystyled__StyledText-sc-19uhgql-0 bGeyRM body-paragraph\">L\u2019homme d\u2019affaires a notamment proc\u00e9d\u00e9 \u00e0 la construction, au milieu du parcours de golf, d\u2019un b\u00e2timent avec cantine, service de bar et autres services aux golfeurs. <\/p>\n<p class=\"article-bodystyled__StyledText-sc-19uhgql-0 bGeyRM body-paragraph\">\u00ab\u00c7a vient ajouter \u00e0 la qualit\u00e9 de l\u2019exp\u00e9rience et \u00e0 la personnalit\u00e9 du lieu\u00bb, estime-t-il. L\u2019int\u00e9rieur du club-house a enti\u00e8rement \u00e9t\u00e9 repeint. Il fait place \u00e0 un nouveau mobilier et accueille maintenant la boutique. <\/p>\n<blockquote class=\"blockquote\" cite=\"\">\n<p class=\"secondary-font__SecondaryFontStyles-sc-jft5zj-0 kJOXaj\"> Le Club de golf du Bic date de 1932. Jusqu\u2019en 1962, le parcours \u00e9tait de 9 trous. Depuis 63 ans, il compte 18 trous. <\/p>\n<\/blockquote>\n<p class=\"article-bodystyled__StyledText-sc-19uhgql-0 bGeyRM body-paragraph\">Ces derni\u00e8res ann\u00e9es, le Club a enregistr\u00e9 une moyenne de 18 000 rondes par saison. Le propri\u00e9taire de Bic sur Mer souhaite \u00e9lever cette moyenne \u00e0 23 000 rondes. \u00abJe veux attirer de nouveaux golfeurs et des touristes\u00bb, dit-il pour atteindre son objectif. <\/p>\n<p><img decoding=\"async\" data-chromatic=\"ignore\" alt=\"Le propri&#xE9;taire de Bic sur Mer, &#xC9;ric Fournier.\" class=\"c-image\" loading=\"lazy\" src=\"https:\/\/www.europesays.com\/fr\/wp-content\/uploads\/2025\/06\/HJYFSGPV5NAZNKBC5YVIWALQZA.jpeg\"  width=\"1200\" height=\"899\"\/><\/p>\n<p class=\"image-metadata__MetadataParagraph-sc-1gfk7p2-0 cAaLKg image-metadata\">Le propri\u00e9taire de Bic sur Mer, \u00c9ric Fournier. (Johanne Fournier\/Collaboration sp\u00e9ciale)<\/p>\n<p>Nouveau pro et nouveau chef <\/p>\n<p class=\"article-bodystyled__StyledText-sc-19uhgql-0 bGeyRM body-paragraph\">Bic sur Mer compte sur un nouveau professionnel: Martin Landry. Le golfeur de Rimouski conna\u00eet fort bien ce terrain. <\/p>\n<p class=\"article-bodystyled__StyledText-sc-19uhgql-0 bGeyRM body-paragraph\">\u00abJ\u2019ai commenc\u00e9 \u00e0 jouer au golf ici \u00e0 l\u2019\u00e2ge de 10 ans. Puis, \u00e0 14 ans, j\u2019\u00e9tais engag\u00e9 pour ramasser les balles.\u00bb Apr\u00e8s quelques ann\u00e9es au Club de golf La Vall\u00e9e du Richelieu en Mont\u00e9r\u00e9gie, M. Landry fait donc un retour dans sa ville natale. <\/p>\n<p class=\"article-bodystyled__StyledText-sc-19uhgql-0 bGeyRM body-paragraph\">Le chef Adrian Pastor, qui a \u00e9t\u00e9 finaliste \u00e0 l\u2019\u00e9mission Les Chefs! il y a trois ans, a con\u00e7u l\u2019offre alimentaire inspir\u00e9e des produits du terroir et de certains autres produits r\u00e9gionaux. <\/p>\n<p class=\"article-bodystyled__StyledText-sc-19uhgql-0 bGeyRM body-paragraph\">Florent charcuteries artisanales, une boutique qui aura bient\u00f4t pignon sur rue au centre-ville de Rimouski, assurera une bonne partie de l\u2019approvisionnement. Le propri\u00e9taire, Antoine Landry, a \u00e9t\u00e9 le chef de l\u2019Auberge du Mange-Grenouille de Rimouski. <\/p>\n<p>\u0152uvres d\u2019art sur le parcours <\/p>\n<p class=\"article-bodystyled__StyledText-sc-19uhgql-0 bGeyRM body-paragraph\">\u00abUn club de golf, c\u2019est un lieu de contemplation\u00bb, croit \u00c9ric Fournier. Par cons\u00e9quent, des \u0153uvres d\u2019art seront install\u00e9es \u00e0 certains endroits sur le parcours de Bic sur Mer. C\u2019est principalement sa conjointe, Carole Deniger, qui g\u00e8re cet aspect. <\/p>\n<p class=\"article-bodystyled__StyledText-sc-19uhgql-0 bGeyRM body-paragraph\">Pour l\u2019instant, on peut faire la rencontre d\u2019un jeune orignal moul\u00e9 dans le bronze, une \u0153uvre du sculpteur Ludovic Boney de L\u00e9vis.<\/p>\n<p class=\"article-bodystyled__StyledText-sc-19uhgql-0 bGeyRM body-paragraph\">\u00abOn aime bien ses lignes de couleur, mentionne M. Fournier. Pour Ludovic, \u00e7a rappelle l\u2019orignal et son territoire. \u00c7a repr\u00e9sente des coupes topographiques.\u00bb <\/p>\n<p class=\"article-bodystyled__StyledText-sc-19uhgql-0 bGeyRM body-paragraph\">La sculpture se dresse sur un monticule offrant une vue sur le pittoresque village du Bic et son \u00e9glise. <\/p>\n<p class=\"article-bodystyled__StyledText-sc-19uhgql-0 bGeyRM body-paragraph\">\u00abC\u2019est un clin d\u2019\u0153il, continue l\u2019homme d\u2019affaires. Au-del\u00e0 de sa beaut\u00e9, c\u2019est quelque chose d\u2019inspirant sur le site. \u00c7a enl\u00e8ve du stress aux golfeurs.\u00bb Le couple Deniger-Fournier promet d\u2019installer d\u2019autres sculptures sur le parcours. <\/p>\n<p class=\"article-bodystyled__StyledText-sc-19uhgql-0 bGeyRM body-paragraph\">Le terrain de golf sera le th\u00e9\u00e2tre d\u2019une premi\u00e8re avec un spectacle en plein air qui sera pr\u00e9sent\u00e9 le 26 juillet en soir\u00e9e. <\/p>\n<p class=\"article-bodystyled__StyledText-sc-19uhgql-0 bGeyRM body-paragraph\">Le concert K\u00e0sal\u00e0 et poutine, faisant partie de la programmation des Concerts aux \u00eeles du Bic, sera offert sur le terrain de pratique qui, selon M. Fournier, est un amphith\u00e9\u00e2tre naturel avec un panorama exceptionnel qui donne sur le fleuve et le parc national du Bic. Le coucher de soleil ajoutera \u00e0 la beaut\u00e9 du d\u00e9cor, esp\u00e8re le propri\u00e9taire de Bic sur Mer. <\/p>\n","protected":false},"excerpt":{"rendered":"Le nouveau propri\u00e9taire, \u00c9ric Fournier, redonne un nouveau souffle \u00e0 ce le lieu embl\u00e9matique de Rimouski, qui est&hellip;\n","protected":false},"author":2,"featured_media":188016,"comment_status":"","ping_status":"","sticky":false,"template":"","format":"standard","meta":{"footnotes":""},"categories":[1418],"tags":[32573,1011,27,1472,32574,60,3945],"class_list":{"0":"post-188015","1":"post","2":"type-post","3":"status-publish","4":"format-standard","5":"has-post-thumbnail","7":"category-golf","8":"tag-bic","9":"tag-fr","10":"tag-france","11":"tag-golf","12":"tag-rimouski","13":"tag-sports","14":"tag-terrain"},"share_on_mastodon":{"url":"https:\/\/pubeurope.com\/@fr\/114709203762053411","error":""},"_links":{"self":[{"href":"https:\/\/www.europesays.com\/fr\/wp-json\/wp\/v2\/posts\/188015","targetHints":{"allow":["GET"]}}],"collection":[{"href":"https:\/\/www.europesays.com\/fr\/wp-json\/wp\/v2\/posts"}],"about":[{"href":"https:\/\/www.europesays.com\/fr\/wp-json\/wp\/v2\/types\/post"}],"author":[{"embeddable":true,"href":"https:\/\/www.europesays.com\/fr\/wp-json\/wp\/v2\/users\/2"}],"replies":[{"embeddable":true,"href":"https:\/\/www.europesays.com\/fr\/wp-json\/wp\/v2\/comments?post=188015"}],"version-history":[{"count":0,"href":"https:\/\/www.europesays.com\/fr\/wp-json\/wp\/v2\/posts\/188015\/revisions"}],"wp:featuredmedia":[{"embeddable":true,"href":"https:\/\/www.europesays.com\/fr\/wp-json\/wp\/v2\/media\/188016"}],"wp:attachment":[{"href":"https:\/\/www.europesays.com\/fr\/wp-json\/wp\/v2\/media?parent=188015"}],"wp:term":[{"taxonomy":"category","embeddable":true,"href":"https:\/\/www.europesays.com\/fr\/wp-json\/wp\/v2\/categories?post=188015"},{"taxonomy":"post_tag","embeddable":true,"href":"https:\/\/www.europesays.com\/fr\/wp-json\/wp\/v2\/tags?post=188015"}],"curies":[{"name":"wp","href":"https:\/\/api.w.org\/{rel}","templated":true}]}}