{"id":188017,"date":"2025-06-19T08:58:12","date_gmt":"2025-06-19T08:58:12","guid":{"rendered":"https:\/\/www.europesays.com\/fr\/188017\/"},"modified":"2025-06-19T08:58:12","modified_gmt":"2025-06-19T08:58:12","slug":"volley-ball-spikeligue-les-centurions-narbonne-recrutent-un-passeur-et-un-pointu","status":"publish","type":"post","link":"https:\/\/www.europesays.com\/fr\/188017\/","title":{"rendered":"Volley-ball \u2013 SpikeLigue\u00a0: les Centurions Narbonne recrutent un passeur et un pointu"},"content":{"rendered":"<p>\n                                                                Le passeur Alexandre Lamiable arrive en provenance de Fr\u00e9jus (Ligue B) et le pointu Kristoffer Norager Bisgaard en provenance du Danemark.\n                            <\/p>\n<p>Ce sont les deux derni\u00e8res recrues des Centurions Narbonne en cette intersaison. Il s\u2019agit de deux \u00e9l\u00e9ments vou\u00e9s\u00a0\u00e0 assurer le r\u00f4le de rempla\u00e7ant \u00e0 Narbonne.\u00a0Le passeur Alexandre Lamiable (1\u00a0m 87, droitier) arrive en provenance de Fr\u00e9jus (Ligue B) et le pointu Kristoffer Norager Bisgaard (2\u00a0m 05, droitier) en provenance du Danemark.<\/p>\n<p>Le premier, \u00e2g\u00e9 de 21 ans, qui\u00a0\u00e9voluait dans le Var depuis un\u00a0an, a sign\u00e9 deux ans dans l\u2019Aude. Avant, il jouait \u00e0 Ajaccio \u00e9galement en Ligue B. Le second, \u00e2g\u00e9 de 20 ans, qui jouait au Gentofte Volley, a sign\u00e9 un contrat d\u2019une ann\u00e9e.<\/p>\n<p>Les Centurions Narbonne ont d\u00e9j\u00e0 enregistr\u00e9 les arriv\u00e9es du r\u00e9ceptionneur-attaquant V\u00e9n\u00e9zu\u00e9lien de 30 ans Willner Rivas (1\u00a0m 94), du r\u00e9ceptionneur-attaquant fran\u00e7ais de 28 ans Thibaut Thoral (1\u00a0m 93), du pointu autrichien Michael Czerwinski (2\u00a0m 07, 21 ans), du passeur estonien Robert Viiber, \u00e2g\u00e9 de 28 ans, du central de 31 ans, capitaine de l\u2019\u00e9quipe d\u2019Espagne\u00a0Miguel Angel Forn\u00e9s (2\u00a0m 02) et\u00a0du libero en provenance de S\u00e8te, Enzo Lopez (18 ans, 1\u00a0m 78).<\/p>\n","protected":false},"excerpt":{"rendered":"Le passeur Alexandre Lamiable arrive en provenance de Fr\u00e9jus (Ligue B) et le pointu Kristoffer Norager Bisgaard en&hellip;\n","protected":false},"author":2,"featured_media":188018,"comment_status":"","ping_status":"","sticky":false,"template":"","format":"standard","meta":{"footnotes":""},"categories":[1417],"tags":[1011,27,60,1470,1469],"class_list":{"0":"post-188017","1":"post","2":"type-post","3":"status-publish","4":"format-standard","5":"has-post-thumbnail","7":"category-volley","8":"tag-fr","9":"tag-france","10":"tag-sports","11":"tag-volley","12":"tag-volleyball"},"share_on_mastodon":{"url":"https:\/\/pubeurope.com\/@fr\/114709207769368710","error":""},"_links":{"self":[{"href":"https:\/\/www.europesays.com\/fr\/wp-json\/wp\/v2\/posts\/188017","targetHints":{"allow":["GET"]}}],"collection":[{"href":"https:\/\/www.europesays.com\/fr\/wp-json\/wp\/v2\/posts"}],"about":[{"href":"https:\/\/www.europesays.com\/fr\/wp-json\/wp\/v2\/types\/post"}],"author":[{"embeddable":true,"href":"https:\/\/www.europesays.com\/fr\/wp-json\/wp\/v2\/users\/2"}],"replies":[{"embeddable":true,"href":"https:\/\/www.europesays.com\/fr\/wp-json\/wp\/v2\/comments?post=188017"}],"version-history":[{"count":0,"href":"https:\/\/www.europesays.com\/fr\/wp-json\/wp\/v2\/posts\/188017\/revisions"}],"wp:featuredmedia":[{"embeddable":true,"href":"https:\/\/www.europesays.com\/fr\/wp-json\/wp\/v2\/media\/188018"}],"wp:attachment":[{"href":"https:\/\/www.europesays.com\/fr\/wp-json\/wp\/v2\/media?parent=188017"}],"wp:term":[{"taxonomy":"category","embeddable":true,"href":"https:\/\/www.europesays.com\/fr\/wp-json\/wp\/v2\/categories?post=188017"},{"taxonomy":"post_tag","embeddable":true,"href":"https:\/\/www.europesays.com\/fr\/wp-json\/wp\/v2\/tags?post=188017"}],"curies":[{"name":"wp","href":"https:\/\/api.w.org\/{rel}","templated":true}]}}