{"id":188021,"date":"2025-06-19T09:00:10","date_gmt":"2025-06-19T09:00:10","guid":{"rendered":"https:\/\/www.europesays.com\/fr\/188021\/"},"modified":"2025-06-19T09:00:10","modified_gmt":"2025-06-19T09:00:10","slug":"pronostic-lorenzo-sonego-alexander-zverev-atp-halle","status":"publish","type":"post","link":"https:\/\/www.europesays.com\/fr\/188021\/","title":{"rendered":"Pronostic Lorenzo Sonego Alexander Zverev &#8211; ATP Halle"},"content":{"rendered":"<p class=\"text-xs leading-5 text-gray-400 mb-2\">\n                        Publi\u00e9 le 18\/06\/2025 14:55<br \/>\n                        \u00a0par<br \/>\n                                                            <a href=\"https:\/\/www.sportytrader.com\/auteur\/leo-measson-54\/\" target=\"_blank\" rel=\"noopener\">L\u00e9o Measson<\/a><\/p>\n<p>                                                    |<br \/>\n                            Modifi\u00e9 le<br \/>\n                                18\/06\/2025<br \/>\n                                \u00e0 15:16<\/p>\n<p>                                                                                                            dans<br \/>\n                                <a data-trans=\"tips.published.sport %sport%\" href=\"https:\/\/www.sportytrader.com\/pronostics\/tennis\/\" target=\"_blank\" rel=\"noopener\"><br \/>\n                                    Pronostics Tennis<br \/>\n                                <\/a><\/p>\n<p>C&rsquo;est parti pour ce tournoi sur gazon de Halle ! Et dans ce 8e de finale, le public allemand va assister \u00e0 un duel entre l&rsquo;italien Lorenzo Sonego et le local allemand\u00a0Alexander Zverev pour tenter de rejoindre les quarts de finale.\u00a0<\/p>\n<p>On peut dire que Lorenzo Sonego connait une saison difficile dans cette ann\u00e9e 2025. En effet, il n&rsquo;a r\u00e9ussi \u00e0 enchainer 2 victoires cons\u00e9cutives que deux fois en tout d\u00e9but d&rsquo;ann\u00e9e et alterne depuis victoires et d\u00e9faites en ayant notamment perdu 70% de ses 10 derniers matchs. Stopp\u00e9 d\u00e8s le premier tour \u00e0 Stuttgart la semaine derni\u00e8re par le fran\u00e7ais Quentin Halys, il aurait pu\u00a0enchainer sans surprise\u00a0une 5e d\u00e9faite cons\u00e9cutive dans ce tournoi de Halle. Mais le trentenaire a cr\u00e9\u00e9 la surprise en \u00e9liminant le local\u00a0Jan-Lennard Struff (103e mondial) lors du premier tour.<\/p>\n<p>Alexander Zverev, t\u00eate de s\u00e9rie num\u00e9ro 2, arrive dans un tout autre \u00e9tat d&rsquo;esprit dans ce 8e de finale. Venant tout juste d&rsquo;enchainer 3 victoires cons\u00e9cutives au tournoi allemand de Stuttgart, l&rsquo;allemand a notamment \u00e9limin\u00e9 le top 20 Ben Shelton avant de s&rsquo;incliner en finale face \u00e0 Taylor Fritz. De nouveau devant son public, il devrait tout donner pour enchainer \u00e0 nouveau les succ\u00e8s apr\u00e8s sa victoire au premier tour face \u00e0 Marcos Giron en seulement 2 sets.\u00a0<\/p>\n","protected":false},"excerpt":{"rendered":"Publi\u00e9 le 18\/06\/2025 14:55 \u00a0par L\u00e9o Measson | Modifi\u00e9 le 18\/06\/2025 \u00e0 15:16 dans Pronostics Tennis C&rsquo;est parti&hellip;\n","protected":false},"author":2,"featured_media":188022,"comment_status":"","ping_status":"","sticky":false,"template":"","format":"standard","meta":{"footnotes":""},"categories":[1415],"tags":[5827,31383,1011,27,14791,1817,1821,60,1467],"class_list":{"0":"post-188021","1":"post","2":"type-post","3":"status-publish","4":"format-standard","5":"has-post-thumbnail","7":"category-tennis","8":"tag-alexander-zverev","9":"tag-atp-halle","10":"tag-fr","11":"tag-france","12":"tag-lorenzo-sonego","13":"tag-pronostic","14":"tag-pronostics","15":"tag-sports","16":"tag-tennis"},"share_on_mastodon":{"url":"https:\/\/pubeurope.com\/@fr\/114709215486706404","error":""},"_links":{"self":[{"href":"https:\/\/www.europesays.com\/fr\/wp-json\/wp\/v2\/posts\/188021","targetHints":{"allow":["GET"]}}],"collection":[{"href":"https:\/\/www.europesays.com\/fr\/wp-json\/wp\/v2\/posts"}],"about":[{"href":"https:\/\/www.europesays.com\/fr\/wp-json\/wp\/v2\/types\/post"}],"author":[{"embeddable":true,"href":"https:\/\/www.europesays.com\/fr\/wp-json\/wp\/v2\/users\/2"}],"replies":[{"embeddable":true,"href":"https:\/\/www.europesays.com\/fr\/wp-json\/wp\/v2\/comments?post=188021"}],"version-history":[{"count":0,"href":"https:\/\/www.europesays.com\/fr\/wp-json\/wp\/v2\/posts\/188021\/revisions"}],"wp:featuredmedia":[{"embeddable":true,"href":"https:\/\/www.europesays.com\/fr\/wp-json\/wp\/v2\/media\/188022"}],"wp:attachment":[{"href":"https:\/\/www.europesays.com\/fr\/wp-json\/wp\/v2\/media?parent=188021"}],"wp:term":[{"taxonomy":"category","embeddable":true,"href":"https:\/\/www.europesays.com\/fr\/wp-json\/wp\/v2\/categories?post=188021"},{"taxonomy":"post_tag","embeddable":true,"href":"https:\/\/www.europesays.com\/fr\/wp-json\/wp\/v2\/tags?post=188021"}],"curies":[{"name":"wp","href":"https:\/\/api.w.org\/{rel}","templated":true}]}}