{"id":18803,"date":"2025-04-12T01:58:12","date_gmt":"2025-04-12T01:58:12","guid":{"rendered":"https:\/\/www.europesays.com\/fr\/18803\/"},"modified":"2025-04-12T01:58:12","modified_gmt":"2025-04-12T01:58:12","slug":"hollande-veut-un-statut-de-refugie-scientifique-pour-les-chercheurs-pousses-a-fuir-la-politique-de-trump-2","status":"publish","type":"post","link":"https:\/\/www.europesays.com\/fr\/18803\/","title":{"rendered":"Hollande veut un statut de \u00ab\u00a0r\u00e9fugi\u00e9 scientifique\u00a0\u00bb pour les chercheurs pouss\u00e9s \u00e0 fuir la politique de Trump"},"content":{"rendered":"<p>Un nouveau type d\u2019asile politique, version labo\u00a0? C\u2019est en tout cas l\u2019appel lanc\u00e9 ce vendredi par <a href=\"https:\/\/www.20minutes.fr\/politique\/francois-hollande\/\" class=\"color-ultramarine c-link\" target=\"_blank\" rel=\"noopener\">Fran\u00e7ois Hollande<\/a> et \u00c9ric Berton, pr\u00e9sident de l\u2019universit\u00e9 d\u2019Aix-Marseille, dans une tribune publi\u00e9e ce vendredi par <a href=\"https:\/\/www.liberation.fr\/idees-et-debats\/tribunes\/pour-la-creation-dun-statut-de-refugie-scientifique-par-francois-hollande-et-eric-berton-20250411_SJ4CHAVMHVG3FFSW52ACQJZRGI\/?redirected=1\" rel=\"nofollow noopener\" target=\"_blank\" class=\"color-ultramarine c-link\">Lib\u00e9ration<\/a>. Les deux hommes plaident pour la mise en place d\u2019un statut de \u00ab\u00a0r\u00e9fugi\u00e9 scientifique\u00a0\u00bb, pour accueillir en France (et en Europe) les chercheurs am\u00e9ricains contraints \u00e0 l\u2019exil sous la pression de l\u2019administration Trump \u00ab\u00a02.0\u00a0\u00bb.<\/p>\n<p>Depuis son retour \u00e0 la Maison-Blanche, l\u2019ancien pr\u00e9sident a intensifi\u00e9 sa politique hostile envers le monde de la recherche\u00a0: censure, coupes budg\u00e9taires massives, licenciements abusifs. R\u00e9sultat\u00a0: <a href=\"https:\/\/www.nature.com\/articles\/d41586-025-00938-y\" rel=\"nofollow noopener\" target=\"_blank\" class=\"color-ultramarine c-link\">plus de 75\u00a0% des chercheurs am\u00e9ricains<\/a> envisageraient aujourd\u2019hui de quitter le pays selon une enqu\u00eate de la revue scientifique Nature.<\/p>\n<\/p>\n<p>\u00ab\u00a0Safe place for science\u00a0\u00bb<\/p>\n<p>Pour r\u00e9pondre \u00e0 cette situation, l\u2019universit\u00e9 d\u2019Aix-Marseille a lanc\u00e9 en mars un <a href=\"https:\/\/www.20minutes.fr\/societe\/4143941-20250320-trump-contre-science-arrivee-possible-chercheurs-americains-va-punir-chercheurs-francais\" class=\"color-ultramarine c-link\" target=\"_blank\" rel=\"noopener\">programme d\u2019accueil baptis\u00e9 \u00ab\u00a0Safe Place for Science\u00a0\u00bb<\/a> (un lieu s\u00fbr pour la science en bon fran\u00e7ais). En moins d\u2019un mois, pr\u00e8s de 300 candidatures ont afflu\u00e9, souvent accompagn\u00e9es de r\u00e9cits inqui\u00e9tants transmis via des messageries crypt\u00e9es.<\/p>\n<p>\u00ab\u00a0Certains t\u00e9moignages sont gla\u00e7ants\u00a0\u00bb, alertent les auteurs de la tribune. Ils \u00e9voquent une atmosph\u00e8re de surveillance et de pression id\u00e9ologique, qui pousse des scientifiques \u00e0 envisager l\u2019exil comme seul recours.<\/p>\n<p>\u00ab\u00a0D\u00e9j\u00e0 un impact consid\u00e9rable sur la recherche mondiale\u00a0\u00bb<\/p>\n<p>Face \u00e0 ces d\u00e9rives inqui\u00e9tantes, Hollande et Berton plaident pour la cr\u00e9ation d\u2019un statut sp\u00e9cifique de r\u00e9fugi\u00e9 scientifique. Un statut qui permettrait un accueil s\u00e9curis\u00e9 et rapide, une int\u00e9gration dans les laboratoires et un accompagnement adapt\u00e9, \u00ab\u00a0au m\u00eame titre que les journalistes ou les opposants politiques\u00a0\u00bb.<\/p>\n<p><a href=\"https:\/\/www.20minutes.fr\/monde\/etats-unis\/\" class=\"c-link c-btn c-btn--primary\" target=\"_blank\" rel=\"noopener\">Notre dossier sur les Etats-Unis<\/a><\/p>\n<p>\u00ab\u00a0La politique de l\u2019administration Trump a d\u00e9j\u00e0 un impact consid\u00e9rable sur la recherche mondiale\u00a0\u00bb, pr\u00e9viennent-ils. \u00ab\u00a0La science ne conna\u00eet pas de fronti\u00e8res.\u00a0\u00bb et est \u00ab\u00a0par nature, un terrain d\u2019\u00e9changes et de confrontations\u00a0\u00bb. L\u2019initiative, esp\u00e8rent-ils, serait un signal fort en faveur de la libert\u00e9 acad\u00e9mique et de la diplomatie scientifique. Car \u00ab\u00a0prot\u00e9ger les scientifiques, c\u2019est pr\u00e9server les conditions de notre d\u00e9mocratie\u00a0\u00bb, concluent-ils.<\/p>\n","protected":false},"excerpt":{"rendered":"Un nouveau type d\u2019asile politique, version labo\u00a0? C\u2019est en tout cas l\u2019appel lanc\u00e9 ce vendredi par Fran\u00e7ois Hollande&hellip;\n","protected":false},"author":2,"featured_media":18804,"comment_status":"","ping_status":"","sticky":false,"template":"","format":"standard","meta":{"footnotes":""},"categories":[1589],"tags":[47,11,7404,885,75,73,1866,674,27,3082,78,884,74,12,883,882,959,41,1864,1865,1863,308],"class_list":{"0":"post-18803","1":"post","2":"type-post","3":"status-publish","4":"format-standard","5":"has-post-thumbnail","7":"category-etats-unis","8":"tag-actualite","9":"tag-actualites","10":"tag-aix-en-provence","11":"tag-bouches-du-rhone","12":"tag-donald-trump","13":"tag-etats-unis","14":"tag-etats-unis-damerique","15":"tag-europe","16":"tag-france","17":"tag-francois-hollande","18":"tag-maison-blanche","19":"tag-marseille","20":"tag-monde","21":"tag-news","22":"tag-paca","23":"tag-provence-alpes-cote-dazur","24":"tag-recherche","25":"tag-sciences","26":"tag-united-states","27":"tag-united-states-of-america","28":"tag-us","29":"tag-usa"},"share_on_mastodon":{"url":"https:\/\/pubeurope.com\/@fr\/114322519027937585","error":""},"_links":{"self":[{"href":"https:\/\/www.europesays.com\/fr\/wp-json\/wp\/v2\/posts\/18803","targetHints":{"allow":["GET"]}}],"collection":[{"href":"https:\/\/www.europesays.com\/fr\/wp-json\/wp\/v2\/posts"}],"about":[{"href":"https:\/\/www.europesays.com\/fr\/wp-json\/wp\/v2\/types\/post"}],"author":[{"embeddable":true,"href":"https:\/\/www.europesays.com\/fr\/wp-json\/wp\/v2\/users\/2"}],"replies":[{"embeddable":true,"href":"https:\/\/www.europesays.com\/fr\/wp-json\/wp\/v2\/comments?post=18803"}],"version-history":[{"count":0,"href":"https:\/\/www.europesays.com\/fr\/wp-json\/wp\/v2\/posts\/18803\/revisions"}],"wp:featuredmedia":[{"embeddable":true,"href":"https:\/\/www.europesays.com\/fr\/wp-json\/wp\/v2\/media\/18804"}],"wp:attachment":[{"href":"https:\/\/www.europesays.com\/fr\/wp-json\/wp\/v2\/media?parent=18803"}],"wp:term":[{"taxonomy":"category","embeddable":true,"href":"https:\/\/www.europesays.com\/fr\/wp-json\/wp\/v2\/categories?post=18803"},{"taxonomy":"post_tag","embeddable":true,"href":"https:\/\/www.europesays.com\/fr\/wp-json\/wp\/v2\/tags?post=18803"}],"curies":[{"name":"wp","href":"https:\/\/api.w.org\/{rel}","templated":true}]}}