{"id":188033,"date":"2025-06-19T09:07:08","date_gmt":"2025-06-19T09:07:08","guid":{"rendered":"https:\/\/www.europesays.com\/fr\/188033\/"},"modified":"2025-06-19T09:07:08","modified_gmt":"2025-06-19T09:07:08","slug":"une-fresque-monumentale-peinte-par-lartiste-blesea-dans-le-quartier-des-provinces","status":"publish","type":"post","link":"https:\/\/www.europesays.com\/fr\/188033\/","title":{"rendered":"Une fresque monumentale peinte par l&rsquo;artiste Blesea dans le quartier des Provinces"},"content":{"rendered":"<p>            Par<br \/>\n        <strong><br \/>\n            <a href=\"https:\/\/actu.fr\/auteur\/redaction-pressemanche\" title=\"Consulter tous les articles de R\u00e9daction La Presse de la Manche\" rel=\"nofollow noopener\" target=\"_blank\">R\u00e9daction La Presse de la Manche<\/a><br \/>\n        <\/strong><\/p>\n<p>        Publi\u00e9 le<\/p>\n<p>            19 juin 2025 \u00e0 9h28        <\/p>\n<p data-end=\"734\">On ne le pr\u00e9sente plus ! <a href=\"https:\/\/actu.fr\/normandie\/cherbourg-en-cotentin_50129\/portrait-blesea-sublime-le-cotentin-avec-son-street-art-haut-en-couleur_61148352.html\" rel=\"nofollow noopener\" target=\"_blank\">Blesea<\/a>, l\u2019<b>artiste de street art cherbourgeois<\/b> qui a su r\u00e9inventer les blockhaus, a de nouveau frapp\u00e9.\u00a0<\/p>\n<p data-end=\"734\" class=\" wall-content\">Depuis plusieurs semaines, il transforme en effet la<b> fa\u00e7ade d\u2019un immeuble<\/b> situ\u00e9 avenue de Normandie, dans le quartier des Provinces, \u00e0 <a href=\"https:\/\/actu.fr\/normandie\/cherbourg-en-cotentin_50129\" rel=\"nofollow noopener\" target=\"_blank\">Cherbourg-Octeville<\/a> (Manche). Le bailleur social Presqu\u2019\u00eele Habitat lui a laiss\u00e9 <b>carte blanche pour embellir cet espace<\/b>, visible de tous, juste en face du Carrefour Market.<\/p>\n<p>Un colibri haut en couleur<\/p>\n<p data-end=\"982\" class=\" wall-content\">Pas de lieu cach\u00e9 cette fois-ci, Blesea a choisi un <b>mur de plus de 20 m\u00e8tres de haut <\/b>pour y peindre un colibri g\u00e9ant. Un oiseau qui, selon lui, symbolise la <b>solidarit\u00e9 <\/b>et la <b>lumi\u00e8re<\/b>.\u00a0\u00ab \u00c7a permet d\u2019apporter de belles couleurs \u00e0 la fa\u00e7ade \u00bb, confie-t-il.<\/p>\n<p>    <a href=\"https:\/\/www.facebook.com\/plugins\/post.php?href=https%3A%2F%2Fwww.facebook.com%2Fbleseagraffiti%2Fposts%2Fpfbid037cFc23xkVSCcwoR7o8QaWnEjURNdCJXphznUpeNamGikYoVuZnc9VKP3AH8PUb3Fl&amp;show_text=true&amp;width=350\" title=\"Ouvrie le lien\" rel=\"nofollow noopener\" target=\"_blank\">Cliquez ici pour visualiser le contenu<\/a><\/p>\n<p data-end=\"1180\" class=\" wall-content\">Un <b>projet qui a une valeur sentimentale particuli\u00e8re <\/b>pour l\u2019artiste, tr\u00e8s \u00e9mu de peindre dans le<b> quartier de son enfance<\/b> :<\/p>\n<blockquote class=\"ac-article-quote wall-content\">\n<p>J\u2019ai grandi dans cette rue, je suis n\u00e9 ici. Ma chambre d\u2019enfant donnait sur ce mur, d\u2019ailleurs. Mes parents y habitent toujours, ce sont s\u00fbrement les plus anciens locataires de l\u2019immeuble.<\/p>\n<p>Blesea, artiste de street art cherbourgeois<\/p><\/blockquote>\n<p>Vid\u00e9os : en ce moment sur Actu<\/p>\n<p data-end=\"1699\" class=\" wall-content\">Pour r\u00e9aliser cette<b> fresque monumentale<\/b>, Blesea utilise une <b>nacelle \u00e9l\u00e9vatrice<\/b>, muni d\u2019un permis CACES (Certificat d\u2019aptitude \u00e0 la conduite en s\u00e9curit\u00e9).<\/p>\n<p data-end=\"1699\" class=\" wall-content\">Il a d\u00fb tracer plusieurs rep\u00e8res sur la fa\u00e7ade afin de guider son travail \u00e0 cette \u00e9chelle.\u00a0\u00ab Les formats sont tr\u00e8s grands, c\u2019est un peu compliqu\u00e9 de tout faire \u00e0 main lev\u00e9e. En plus, je manque de temps, et quand il pleut, je ne peux pas peindre \u00bb, explique-t-il.<\/p>\n<p data-end=\"1977\" class=\" wall-content\">Cette fresque devrait \u00eatre termin\u00e9e dans quelques jours selon l\u2019artiste.<\/p>\n<p data-end=\"1977\" class=\" wall-content\"><b>De notre correspondante Julie DELGADO<\/b><\/p>\n<p class=\" wall-content\">Suivez toute l\u2019actualit\u00e9 de vos villes et m\u00e9dias favoris en vous inscrivant \u00e0 <a href=\"https:\/\/moncompte.actu.fr\" title=\"D\u00e9couvez Mon Actu\" rel=\"nofollow noopener\" data-trk=\"{&quot;cta&quot;:{&quot;action&quot;:&quot;https:\\\/\\\/moncompte.actu.fr&quot;,&quot;category&quot;:&quot;mon compte&quot;,&quot;from&quot;:&quot;article footer&quot;,&quot;name&quot;:&quot;Mon actu&quot;,&quot;type&quot;:&quot;cta&quot;}}\" target=\"_blank\">Mon Actu<\/a>.<\/p>\n","protected":false},"excerpt":{"rendered":"Par R\u00e9daction La Presse de la Manche Publi\u00e9 le 19 juin 2025 \u00e0 9h28 On ne le pr\u00e9sente&hellip;\n","protected":false},"author":2,"featured_media":188034,"comment_status":"","ping_status":"","sticky":false,"template":"","format":"standard","meta":{"footnotes":""},"categories":[1358],"tags":[1348,1384,1385,3168,1386,58,59,1011,27,1652,7189],"class_list":{"0":"post-188033","1":"post","2":"type-post","3":"status-publish","4":"format-standard","5":"has-post-thumbnail","7":"category-arts-et-design","8":"tag-arts","9":"tag-arts-and-design","10":"tag-arts-et-design","11":"tag-cotentin","12":"tag-design","13":"tag-divertissement","14":"tag-entertainment","15":"tag-fr","16":"tag-france","17":"tag-loisirs-culture","18":"tag-street-art"},"share_on_mastodon":{"url":"https:\/\/pubeurope.com\/@fr\/114709243235159935","error":""},"_links":{"self":[{"href":"https:\/\/www.europesays.com\/fr\/wp-json\/wp\/v2\/posts\/188033","targetHints":{"allow":["GET"]}}],"collection":[{"href":"https:\/\/www.europesays.com\/fr\/wp-json\/wp\/v2\/posts"}],"about":[{"href":"https:\/\/www.europesays.com\/fr\/wp-json\/wp\/v2\/types\/post"}],"author":[{"embeddable":true,"href":"https:\/\/www.europesays.com\/fr\/wp-json\/wp\/v2\/users\/2"}],"replies":[{"embeddable":true,"href":"https:\/\/www.europesays.com\/fr\/wp-json\/wp\/v2\/comments?post=188033"}],"version-history":[{"count":0,"href":"https:\/\/www.europesays.com\/fr\/wp-json\/wp\/v2\/posts\/188033\/revisions"}],"wp:featuredmedia":[{"embeddable":true,"href":"https:\/\/www.europesays.com\/fr\/wp-json\/wp\/v2\/media\/188034"}],"wp:attachment":[{"href":"https:\/\/www.europesays.com\/fr\/wp-json\/wp\/v2\/media?parent=188033"}],"wp:term":[{"taxonomy":"category","embeddable":true,"href":"https:\/\/www.europesays.com\/fr\/wp-json\/wp\/v2\/categories?post=188033"},{"taxonomy":"post_tag","embeddable":true,"href":"https:\/\/www.europesays.com\/fr\/wp-json\/wp\/v2\/tags?post=188033"}],"curies":[{"name":"wp","href":"https:\/\/api.w.org\/{rel}","templated":true}]}}