{"id":188039,"date":"2025-06-19T09:10:09","date_gmt":"2025-06-19T09:10:09","guid":{"rendered":"https:\/\/www.europesays.com\/fr\/188039\/"},"modified":"2025-06-19T09:10:09","modified_gmt":"2025-06-19T09:10:09","slug":"quatre-jours-de-metal-brulant-commencent-a-clisson","status":"publish","type":"post","link":"https:\/\/www.europesays.com\/fr\/188039\/","title":{"rendered":"quatre jours de metal br\u00fblant commencent \u00e0 Clisson"},"content":{"rendered":"<p>            Par<br \/>\n        <strong><br \/>\n            <a href=\"https:\/\/actu.fr\/auteur\/vincent-malboeuf\" title=\"Consulter tous les articles de Vincent Malb\u0153uf\" target=\"_blank\" rel=\"noopener\">Vincent Malb\u0153uf<\/a><br \/>\n        <\/strong><\/p>\n<p>        Publi\u00e9 le<\/p>\n<p>            19 juin 2025 \u00e0 7h16        <\/p>\n<p>Chaque fin juin, <a href=\"https:\/\/actu.fr\/pays-de-la-loire\/clisson_44043\" target=\"_blank\" rel=\"noopener\">Clisson <\/a>devient la <b>capitale mondiale du metal<\/b>.<\/p>\n<p class=\" wall-content\">La 18e \u00e9dition du <a href=\"https:\/\/actu.fr\/tag\/hellfest\" target=\"_blank\" rel=\"noopener\">Hellfest<\/a>, qui commence ce jeudi \u00e0 16 h par les concerts de Skindred, Tar Pond et Disconnected, promet d\u2019\u00eatre un bel enfer, avec ce <b>soleil qui va taper fort <\/b>tout au long des quatre jours, surtout samedi <a href=\"https:\/\/actu.fr\/pays-de-la-loire\/clisson_44043\/meteo-des-temperatures-jusqua-37-c-une-vague-de-forte-chaleur-annoncee-au-hellfest_62780300.html\" target=\"_blank\" rel=\"noopener\">avec des temp\u00e9ratures \u00e0 37\u00b0 C attendues<\/a>.<\/p>\n<p>    <a href=\"https:\/\/www.facebook.com\/plugins\/post.php?href=https%3A%2F%2Fwww.facebook.com%2Fhellfest%2Fposts%2Fpfbid0BdJrRkj2f13nCFMB9besMiF4cXQb6RSqYXNVNypqUpP7xs5RAdVZ4Zc6gdHyapM7l&amp;show_text=true&amp;width=350\" title=\"Ouvrie le lien\" target=\"_blank\" rel=\"noopener\">Cliquez ici pour visualiser le contenu<\/a><\/p>\n<p>Muse, Linkin Park, Korn, Scorpions, Sex Pistols\u2026<\/p>\n<p class=\" wall-content\">Les <b>60 000 festivaliers (par jour) <\/b>seront une nouvelle fois chauds bouillants et pr\u00eats \u00e0 s\u2019enflammer devant les six sc\u00e8nes du festival, o\u00f9 se succ\u00e9deront les concerts \u00e0 un rythme effr\u00e9n\u00e9.<\/p>\n<p class=\" wall-content\">L\u2019affiche 2025, sortie l\u2019automne dernier apr\u00e8s la vente express des pass, d\u00e9tonne avec la venue vendredi soir de <a href=\"https:\/\/actu.fr\/pays-de-la-loire\/clisson_44043\/oui-muse-jouera-bien-au-hellfest-en-2025_61977276.html\" target=\"_blank\" rel=\"noopener\">Muse<\/a>, plus rock que m\u00e9tal.<\/p>\n<p class=\" wall-content\">Mais avec Linkin Park (en cl\u00f4ture dimanche soir), Korn, Scorpions, Judas Priest, Sex Pistols, The Hu, Cypress Hill\u2026\u00a0 le Hellfest montre qu\u2019il est une<b> r\u00e9f\u00e9rence mondiale dans l\u2019univers des festivals<\/b>, malgr\u00e9 la pr\u00e9sence de sulfureux artistes dans la programmation, <a href=\"https:\/\/actu.fr\/pays-de-la-loire\/clisson_44043\/il-avait-tue-un-homosexuel-de-37-coups-de-couteau-sa-venue-au-hellfest-revolte-une-association-de-clisson_62776264.html\" target=\"_blank\" rel=\"noopener\">comme le batteur norv\u00e9gien B\u00e5rd Eithun.<\/a><\/p>\n<p>Vid\u00e9os : en ce moment sur Actu106 groupes sur 184 joueront pour la premi\u00e8re fois \u00e0 Clisson<\/p>\n<p class=\" wall-content\">Le Hellfest accueille au total <b>184 groupes venus de tous horizons<\/b> m\u00e9tal et de 26 pays diff\u00e9rents, dont 106 joueront pour la premi\u00e8re fois \u00e0 Clisson.<\/p>\n<p class=\" wall-content\">Les m\u00e9talleux vont <b>d\u00e9couvrir la toute nouvelle entr\u00e9e du site<\/b>, magnifi\u00e9e par la pr\u00e9sence du <a href=\"https:\/\/actu.fr\/pays-de-la-loire\/clisson_44043\/le-hellcity-ouvre-ses-portes-dans-les-coulisses-du-nouveau-bar-brasserie-du-hellfest-a-clisson_62307542.html\" target=\"_blank\" rel=\"noopener\">Hellcity<\/a>, qui sera ouverte pendant le festival.<\/p>\n<p class=\" wall-content\">Ils pourront aussi se d\u00e9hancher dans <a href=\"https:\/\/hellfest.fr\/news\/welcome-to-the-purple-house\" target=\"_blank\" rel=\"noopener\">la nouvelle Purple House<\/a>, au Metal Corner, non loin de la sc\u00e8ne r\u00e9serv\u00e9e aux s\u00e9ances de yoga le matin et de l\u2019immense camping aux nuits courtes et d\u00e9jant\u00e9es, o\u00f9 dorment encore la moiti\u00e9 des festivaliers.<\/p>\n<p>Pr\u00e9sence de la Gardienne des T\u00e9n\u00e8bres<\/p>\n<p class=\" wall-content\">Attraction l\u2019an pass\u00e9, la Gardienne des T\u00e9n\u00e8bres est de retour pour ces quatre jours de festival, avant de repartir vers d\u2019autres cieux car <a href=\"https:\/\/actu.fr\/pays-de-la-loire\/clisson_44043\/ou-ira-la-gardienne-des-tenebres-apres-son-passage-au-festival-hellfest_62760902.html\" target=\"_blank\" rel=\"noopener\">elle est toujours \u00ab sans domicile fixe \u00bb<\/a>.<\/p>\n<p class=\" wall-content\">Reste \u00e0 profiter de ce nouveau festival de l\u2019enfer,<b> avant les 20 ans du Hellfest en 2026.<\/b><\/p>\n<p class=\" wall-content\">Suivez toute l\u2019actualit\u00e9 de vos villes et m\u00e9dias favoris en vous inscrivant \u00e0 <a href=\"https:\/\/moncompte.actu.fr\" title=\"D\u00e9couvez Mon Actu\" rel=\"nofollow noopener\" data-trk=\"{&quot;cta&quot;:{&quot;action&quot;:&quot;https:\\\/\\\/moncompte.actu.fr&quot;,&quot;category&quot;:&quot;mon compte&quot;,&quot;from&quot;:&quot;article footer&quot;,&quot;name&quot;:&quot;Mon actu&quot;,&quot;type&quot;:&quot;cta&quot;}}\" target=\"_blank\">Mon Actu<\/a>.<\/p>\n<ul class=\"ac-article-tag wall-content\">\n<li><a href=\"https:\/\/actu.fr\/tag\/hellfest\" data-trk=\"{&quot;cta&quot;:{&quot;action&quot;:&quot;Hellfest&quot;,&quot;category&quot;:&quot;tag&quot;,&quot;from&quot;:&quot;article footer&quot;,&quot;name&quot;:&quot;Hellfest&quot;,&quot;type&quot;:&quot;cta&quot;}}\" target=\"_blank\" rel=\"noopener\">#Hellfest<\/a><\/li>\n<li><a href=\"https:\/\/actu.fr\/tag\/vignoble-nantais\" data-trk=\"{&quot;cta&quot;:{&quot;action&quot;:&quot;Vignoble nantais&quot;,&quot;category&quot;:&quot;tag&quot;,&quot;from&quot;:&quot;article footer&quot;,&quot;name&quot;:&quot;Vignoble nantais&quot;,&quot;type&quot;:&quot;cta&quot;}}\" target=\"_blank\" rel=\"noopener\">#Vignoble nantais<\/a><\/li>\n<\/ul>\n","protected":false},"excerpt":{"rendered":"Par Vincent Malb\u0153uf Publi\u00e9 le 19 juin 2025 \u00e0 7h16 Chaque fin juin, Clisson devient la capitale mondiale&hellip;\n","protected":false},"author":2,"featured_media":188040,"comment_status":"","ping_status":"","sticky":false,"template":"","format":"standard","meta":{"footnotes":""},"categories":[1355],"tags":[58,59,1011,27,16501,1361,873,104,2900],"class_list":{"0":"post-188039","1":"post","2":"type-post","3":"status-publish","4":"format-standard","5":"has-post-thumbnail","7":"category-musique","8":"tag-divertissement","9":"tag-entertainment","10":"tag-fr","11":"tag-france","12":"tag-hellfest","13":"tag-music","14":"tag-musique","15":"tag-societe","16":"tag-vignoble-nantais"},"share_on_mastodon":{"url":"https:\/\/pubeurope.com\/@fr\/114709254990554449","error":""},"_links":{"self":[{"href":"https:\/\/www.europesays.com\/fr\/wp-json\/wp\/v2\/posts\/188039","targetHints":{"allow":["GET"]}}],"collection":[{"href":"https:\/\/www.europesays.com\/fr\/wp-json\/wp\/v2\/posts"}],"about":[{"href":"https:\/\/www.europesays.com\/fr\/wp-json\/wp\/v2\/types\/post"}],"author":[{"embeddable":true,"href":"https:\/\/www.europesays.com\/fr\/wp-json\/wp\/v2\/users\/2"}],"replies":[{"embeddable":true,"href":"https:\/\/www.europesays.com\/fr\/wp-json\/wp\/v2\/comments?post=188039"}],"version-history":[{"count":0,"href":"https:\/\/www.europesays.com\/fr\/wp-json\/wp\/v2\/posts\/188039\/revisions"}],"wp:featuredmedia":[{"embeddable":true,"href":"https:\/\/www.europesays.com\/fr\/wp-json\/wp\/v2\/media\/188040"}],"wp:attachment":[{"href":"https:\/\/www.europesays.com\/fr\/wp-json\/wp\/v2\/media?parent=188039"}],"wp:term":[{"taxonomy":"category","embeddable":true,"href":"https:\/\/www.europesays.com\/fr\/wp-json\/wp\/v2\/categories?post=188039"},{"taxonomy":"post_tag","embeddable":true,"href":"https:\/\/www.europesays.com\/fr\/wp-json\/wp\/v2\/tags?post=188039"}],"curies":[{"name":"wp","href":"https:\/\/api.w.org\/{rel}","templated":true}]}}