{"id":188048,"date":"2025-06-19T09:15:10","date_gmt":"2025-06-19T09:15:10","guid":{"rendered":"https:\/\/www.europesays.com\/fr\/188048\/"},"modified":"2025-06-19T09:15:10","modified_gmt":"2025-06-19T09:15:10","slug":"et-si-cetait-un-sous-produit-de-la-vie","status":"publish","type":"post","link":"https:\/\/www.europesays.com\/fr\/188048\/","title":{"rendered":"Et si c&rsquo;\u00e9tait un sous-produit de la vie ?"},"content":{"rendered":"<p style=\"text-align: justify;\"><strong>Le <a href=\"https:\/\/sciencepost.fr\/a-quelle-distance-james-webb-detecte-vie\/\" target=\"_blank\" rel=\"noopener nofollow\">t\u00e9lescope spatial James Webb<\/a> a<br \/>\nr\u00e9cemment identifi\u00e9 des preuves de la pr\u00e9sence de mol\u00e9cules \u00e0 base<br \/>\nde carbone dans l\u2019atmosph\u00e8re d\u2019un monde oc\u00e9anique pr\u00e9sum\u00e9 nomm\u00e9<br \/>\nK2-18 b. L\u2019\u00e9quipe responsable de cette observation \u00e9voque \u00e9galement<br \/>\nla possible d\u00e9tection d\u2019un sous-produit de la vie sur<br \/>\nTerre.\u00a0<\/strong><\/p>\n<p>Une plan\u00e8te qui intrigue \u00e9tudi\u00e9e<br \/>\ngr\u00e2ce au t\u00e9lescope James Webb<\/p>\n<p style=\"text-align: justify;\">Avec un rayon deux \u00e0 trois fois<br \/>\nplus grand que celui de la Terre et une masse environ 8,6 fois<br \/>\nsup\u00e9rieure, <strong>K2-18 b<\/strong> est un parfait exemple de<br \/>\n\u00ab\u00a0sous-Neptune\u00a0\u00bb, une cat\u00e9gorie de plan\u00e8te qui n\u2019a pas<br \/>\nson pareil dans le Syst\u00e8me solaire. Pour cette raison, les<br \/>\nastronomes s\u2019interrogent \u00e0 son sujet, d\u00e9battant notamment encore de<br \/>\nla nature de son atmosph\u00e8re.<\/p>\n<p style=\"text-align: justify;\">Situ\u00e9e \u00e0 environ <strong>124<br \/>\nann\u00e9es-lumi\u00e8re<\/strong> de la Terre dans la constellation du Lion,<br \/>\ncette plan\u00e8te suscite n\u00e9anmoins un grand int\u00e9r\u00eat dans la recherche<br \/>\nde mondes potentiellement habitables. Et pour cause, des<br \/>\nobservations faites avec Hubble, qui a rep\u00e9r\u00e9 des traces de vapeur<br \/>\nd\u2019eau dans son atmosph\u00e8re, sugg\u00e8rent qu\u2019il pourrait s\u2019agir d\u2019un<br \/>\n<strong>monde hyc\u00e9en rempli d\u2019eau liquide en surface.<\/strong><\/p>\n<p style=\"text-align: justify;\">R\u00e9cemment, des chercheurs de<br \/>\nl\u2019Universit\u00e9 de Cambridge ont utilis\u00e9 le <strong>James Webb<br \/>\nTelescope\u00a0<\/strong>(JWT) dans le but d\u2019en apprendre davantage<br \/>\nsur la composition de son atmosph\u00e8re. Pour ce faire, ils ont<br \/>\nattendu que la plan\u00e8te traverse la face de son \u00e9toile du point de<br \/>\nvue du JWT, de mani\u00e8re \u00e0 ce que sa lumi\u00e8re traverse directement \u00e0<br \/>\ntravers son atmosph\u00e8re. Notez \u00e9galement que les \u00e9l\u00e9ments et<br \/>\ncompos\u00e9s chimiques absorbent et \u00e9mettent de la lumi\u00e8re \u00e0 des<br \/>\n<strong>longueurs d\u2019onde sp\u00e9cifiques et caract\u00e9ristiques<\/strong>.<br \/>\nAutrement dit, lorsqu\u2019ils se trouvent dans l\u2019atmosph\u00e8re d\u2019une<br \/>\nplan\u00e8te, ces compos\u00e9s laissent une \u00ab\u00a0empreinte\u00a0\u00bb<br \/>\ndistinctive sur la lumi\u00e8re des \u00e9toiles lorsqu\u2019elle traverse cette<br \/>\natmosph\u00e8re.<\/p>\n<p>Un sous-produit de la vie ?<\/p>\n<p style=\"text-align: justify;\">Ces nouveaux r\u00e9sultats ont montr\u00e9<br \/>\ndes traces de <strong>dioxyde de carbone et de m\u00e9thane<\/strong><br \/>\nsans d\u00e9tecter d\u2019ammoniac. Pour les auteurs, cela laisse \u00e0 penser<br \/>\nque cette plan\u00e8te abrite bel et bien un <strong>oc\u00e9an d\u2019eau liquide<br \/>\nnich\u00e9 sous une atmosph\u00e8re riche en hydrog\u00e8ne<\/strong>.<\/p>\n<p style=\"text-align: justify;\">En plus de r\u00e9v\u00e9ler des mol\u00e9cules de<br \/>\ncarbone, les donn\u00e9es du James Webb Telescope ont \u00e9galement r\u00e9v\u00e9l\u00e9<br \/>\nla possible pr\u00e9sence de quelque chose de potentiellement plus<br \/>\nexcitant dans l\u2019atmosph\u00e8re de K2-18 b : du <strong>sulfure de<br \/>\ndim\u00e9thyle<\/strong>. Il s\u2019agit d\u2019un compos\u00e9 organosulfur\u00e9<br \/>\nprincipalement produit comme sous-produit de la vie, en particulier<br \/>\npar le <strong>phytoplancton<\/strong>. Plus pr\u00e9cis\u00e9ment, le sulfure<br \/>\nde dim\u00e9thyle se retrouve lib\u00e9r\u00e9 dans l\u2019atmosph\u00e8re lorsque le<br \/>\nphytoplancton produit et d\u00e9compose ce compos\u00e9 sulfur\u00e9 en r\u00e9ponse \u00e0<br \/>\ndes processus biologiques. Une fois lib\u00e9r\u00e9 dans l\u2019atmosph\u00e8re, il<br \/>\nsubit diverses r\u00e9actions chimiques, ce qui contribue \u00e0 la formation<br \/>\nde particules atmosph\u00e9riques et de <a href=\"https:\/\/sciencepost.fr\/comment-les-arbres-influencent-ils-la-formation-des-nuages\/\" target=\"_blank\" rel=\"noopener nofollow\">nuages<\/a>.<\/p>\n<p style=\"text-align: justify;\">L\u2019\u00e9quipe se montre cependant<br \/>\nprudente quant \u00e0 cette d\u00e9tection, bien moins certaine que la<br \/>\npr\u00e9sence de mol\u00e9cules carbon\u00e9es. Des observations suppl\u00e9mentaires<br \/>\nseront en effet n\u00e9cessaires pour confirmer ces <a href=\"https:\/\/www.nasa.gov\/goddard\/2023\/webb-discovers-methane-carbon-dioxide-in-atmosphere-of-k2-18b\" target=\"_blank\" rel=\"noopener nofollow\">r\u00e9sultats<\/a> qui seront publi\u00e9s<br \/>\ndans The Astrophysical Journal Letters.<\/p>\n","protected":false},"excerpt":{"rendered":"Le t\u00e9lescope spatial James Webb a r\u00e9cemment identifi\u00e9 des preuves de la pr\u00e9sence de mol\u00e9cules \u00e0 base de&hellip;\n","protected":false},"author":2,"featured_media":188049,"comment_status":"","ping_status":"","sticky":false,"template":"","format":"standard","meta":{"footnotes":""},"categories":[7],"tags":[1011,27,43,40,41,39,42,44],"class_list":{"0":"post-188048","1":"post","2":"type-post","3":"status-publish","4":"format-standard","5":"has-post-thumbnail","7":"category-sciences-et-technologies","8":"tag-fr","9":"tag-france","10":"tag-science","11":"tag-science-and-technology","12":"tag-sciences","13":"tag-sciences-et-technologies","14":"tag-technologies","15":"tag-technology"},"share_on_mastodon":{"url":"https:\/\/pubeurope.com\/@fr\/114709274592501823","error":""},"_links":{"self":[{"href":"https:\/\/www.europesays.com\/fr\/wp-json\/wp\/v2\/posts\/188048","targetHints":{"allow":["GET"]}}],"collection":[{"href":"https:\/\/www.europesays.com\/fr\/wp-json\/wp\/v2\/posts"}],"about":[{"href":"https:\/\/www.europesays.com\/fr\/wp-json\/wp\/v2\/types\/post"}],"author":[{"embeddable":true,"href":"https:\/\/www.europesays.com\/fr\/wp-json\/wp\/v2\/users\/2"}],"replies":[{"embeddable":true,"href":"https:\/\/www.europesays.com\/fr\/wp-json\/wp\/v2\/comments?post=188048"}],"version-history":[{"count":0,"href":"https:\/\/www.europesays.com\/fr\/wp-json\/wp\/v2\/posts\/188048\/revisions"}],"wp:featuredmedia":[{"embeddable":true,"href":"https:\/\/www.europesays.com\/fr\/wp-json\/wp\/v2\/media\/188049"}],"wp:attachment":[{"href":"https:\/\/www.europesays.com\/fr\/wp-json\/wp\/v2\/media?parent=188048"}],"wp:term":[{"taxonomy":"category","embeddable":true,"href":"https:\/\/www.europesays.com\/fr\/wp-json\/wp\/v2\/categories?post=188048"},{"taxonomy":"post_tag","embeddable":true,"href":"https:\/\/www.europesays.com\/fr\/wp-json\/wp\/v2\/tags?post=188048"}],"curies":[{"name":"wp","href":"https:\/\/api.w.org\/{rel}","templated":true}]}}