{"id":188059,"date":"2025-06-19T09:21:10","date_gmt":"2025-06-19T09:21:10","guid":{"rendered":"https:\/\/www.europesays.com\/fr\/188059\/"},"modified":"2025-06-19T09:21:10","modified_gmt":"2025-06-19T09:21:10","slug":"saint-etienne-une-residence-etudiante-de-200-logements-a-la-metare","status":"publish","type":"post","link":"https:\/\/www.europesays.com\/fr\/188059\/","title":{"rendered":"Saint-Etienne : une r\u00e9sidence \u00e9tudiante de 200 logements \u00e0 La M\u00e9tare"},"content":{"rendered":"<p><img loading=\"lazy\" decoding=\"async\" alt=\"\u00a9 Denis Meynard - A Saint-Etienne, les \u00e9tudiants pourront s\u2019installer durant l\u2019\u00e9t\u00e9 dans la r\u00e9sidence \u00e9tudiante de 200 logements inaugur\u00e9e dans le quartier de La M\u00e9tare.\" data-zoom-src=\"https:\/\/www.europesays.com\/fr\/wp-content\/uploads\/2025\/06\/initial-residence-etudiante-pop-1.jpg\" data-zoomable=\"\" height=\"702\" src=\"https:\/\/www.europesays.com\/fr\/wp-content\/uploads\/2025\/06\/initial-residence-etudiante-pop-1.jpg\" width=\"1248\"\/>  <\/p>\n<p class=\"article-desc\">\u00a9 Denis Meynard &#8211; A Saint-Etienne, les \u00e9tudiants pourront s\u2019installer durant l\u2019\u00e9t\u00e9 dans la r\u00e9sidence \u00e9tudiante de 200 logements inaugur\u00e9e dans le quartier de La M\u00e9tare. <\/p>\n<p>La nouvelle <strong>r\u00e9sidence \u00e9tudiante<\/strong> st\u00e9phanoise de <strong>200 logements<\/strong>, inaugur\u00e9e mercredi dans le quartier de La M\u00e9tare, a \u00e9t\u00e9 \u00e9difi\u00e9e \u00ab\u00a0\u00e0 l\u2019emplacement de l\u2019ancienne \u00e9cole Baptiste-Marcet, ferm\u00e9e depuis 15 ans\u00a0\u00bb, a rappel\u00e9 le maire de Saint-\u00c9tienne, Ga\u00ebl Perdriau, en indiquant que \u00ab\u00a0plus de 3 000 logements de ce type ont \u00e9t\u00e9 construits depuis 2014\u00a0\u00bb, pour r\u00e9pondre aux besoins n\u00e9s de l\u2019<strong>augmentation de la population \u00e9tudiante.<\/strong> <\/p>\n<p><strong>Un investissement de 10 millions d&rsquo;euros pour la r\u00e9sidence \u00e9tudiante de 200 logements \u00e0 Saint-\u00c9tienne<\/strong> <\/p>\n<p>Le nouvel ensemble constitu\u00e9 de trois b\u00e2timents reli\u00e9s entre eux, d\u00fb \u00e0 l\u2019architecte st\u00e9phanois Modeste Chapela, comprend des espaces collectifs de coworking, sport, laverie. Certains de ces logements b\u00e9n\u00e9ficient d\u2019un balcon, voire d\u2019une terrasse pour les plus chanceux. <\/p>\n<p>L\u2019<strong>investissement<\/strong> de 10 millions d\u2019euros TTC a \u00e9t\u00e9 r\u00e9alis\u00e9 par le promoteur Edouard Denis (groupe Nexity) associ\u00e9 \u00e0 son confr\u00e8re Faure, de l\u2019\u00c9trat, qui a d\u00e9j\u00e0 construit ce type de r\u00e9sidence dans les quartiers de Bellevue et de Centre-Deux, rappelle son directeur-g\u00e9n\u00e9ral, Alain Clavier.<\/p>\n<p> Une implantation au c\u0153ur du quartier \u00e9tudiant de La M\u00e9tare <\/p>\n<p>La r\u00e9sidence va \u00eatre baptis\u00e9e du nom d\u2019Otti Berger, une artiste austro-hongroise, du mouvement du<strong> Bauhaus<\/strong>, d\u00e9c\u00e9d\u00e9e en 1944 dans le camp d\u2019Auschwitz. Voisine du campus Sciences et techniques et Staps de l\u2019<strong>Universit\u00e9 Jean-Monnet<\/strong>, elle compte \u00e9galement l\u2019IUT, les \u00e9coles d\u2019ing\u00e9nieurs Centrale Lyon Enise, les Mines et l\u2019ISTP dans un proche p\u00e9rim\u00e8tre. <\/p>\n<p>Le montant mensuel de la location est de 440 euros \u00ab\u00a0toutes charges comprises\u00a0\u00bb, souligne Julie Ricord, qui dirige pour le compte de <strong>Logifac <\/strong>(filiale de la mutuelle \u00e9tudiante Smerra) cet \u00e9tablissement, plus deux autres situ\u00e9s \u00e0 Saint-\u00c9tienne, rue des Docteurs Charcot, et \u00e0 Saint-Priest-en-Jarez.<\/p>\n","protected":false},"excerpt":{"rendered":"\u00a9 Denis Meynard &#8211; A Saint-Etienne, les \u00e9tudiants pourront s\u2019installer durant l\u2019\u00e9t\u00e9 dans la r\u00e9sidence \u00e9tudiante de 200&hellip;\n","protected":false},"author":2,"featured_media":188060,"comment_status":"","ping_status":"","sticky":false,"template":"","format":"standard","meta":{"footnotes":""},"categories":[9653],"tags":[1111,11,2430,1777,674,1011,27,2554,1908,12,25,4001],"class_list":{"0":"post-188059","1":"post","2":"type-post","3":"status-publish","4":"format-standard","5":"has-post-thumbnail","7":"category-saint-etienne","8":"tag-actu","9":"tag-actualites","10":"tag-auvergne-rhone-alpes","11":"tag-eu","12":"tag-europe","13":"tag-fr","14":"tag-france","15":"tag-investissements","16":"tag-logement","17":"tag-news","18":"tag-republique-francaise","19":"tag-saint-etienne"},"share_on_mastodon":{"url":"https:\/\/pubeurope.com\/@fr\/114709298143968167","error":""},"_links":{"self":[{"href":"https:\/\/www.europesays.com\/fr\/wp-json\/wp\/v2\/posts\/188059","targetHints":{"allow":["GET"]}}],"collection":[{"href":"https:\/\/www.europesays.com\/fr\/wp-json\/wp\/v2\/posts"}],"about":[{"href":"https:\/\/www.europesays.com\/fr\/wp-json\/wp\/v2\/types\/post"}],"author":[{"embeddable":true,"href":"https:\/\/www.europesays.com\/fr\/wp-json\/wp\/v2\/users\/2"}],"replies":[{"embeddable":true,"href":"https:\/\/www.europesays.com\/fr\/wp-json\/wp\/v2\/comments?post=188059"}],"version-history":[{"count":0,"href":"https:\/\/www.europesays.com\/fr\/wp-json\/wp\/v2\/posts\/188059\/revisions"}],"wp:featuredmedia":[{"embeddable":true,"href":"https:\/\/www.europesays.com\/fr\/wp-json\/wp\/v2\/media\/188060"}],"wp:attachment":[{"href":"https:\/\/www.europesays.com\/fr\/wp-json\/wp\/v2\/media?parent=188059"}],"wp:term":[{"taxonomy":"category","embeddable":true,"href":"https:\/\/www.europesays.com\/fr\/wp-json\/wp\/v2\/categories?post=188059"},{"taxonomy":"post_tag","embeddable":true,"href":"https:\/\/www.europesays.com\/fr\/wp-json\/wp\/v2\/tags?post=188059"}],"curies":[{"name":"wp","href":"https:\/\/api.w.org\/{rel}","templated":true}]}}