{"id":188065,"date":"2025-06-19T09:24:10","date_gmt":"2025-06-19T09:24:10","guid":{"rendered":"https:\/\/www.europesays.com\/fr\/188065\/"},"modified":"2025-06-19T09:24:10","modified_gmt":"2025-06-19T09:24:10","slug":"une-nouvelle-residence-de-42-logements-inauguree-a-sanary-sur-mer","status":"publish","type":"post","link":"https:\/\/www.europesays.com\/fr\/188065\/","title":{"rendered":"Une nouvelle r\u00e9sidence de 42 logements inaugur\u00e9e \u00e0 Sanary-sur-Mer"},"content":{"rendered":"<p>D\u2019aucuns se souviennent que ce terrain abritait notamment un garage Renault qui avait \u00e9t\u00e9 condamn\u00e9, apr\u00e8s des ann\u00e9es de proc\u00e9dures, au profit du vaste projet de d\u00e9molition-reconstruction des \u00e9coles du centre-ville de Sanary.<\/p>\n<p>Onze ans apr\u00e8s l\u2019inauguration de la maternelle Jean-Michel Cousteau, c\u2019est aujourd\u2019hui un ensemble immobilier de quarante-deux logements qui est aussi sorti de terre, \u00e0 l\u2019angle des avenues de la R\u00e9sistance et Mar\u00e9chal-Leclerc.<\/p>\n<p>Stationnement en sous-sol et a\u00e9rien, local \u00e0 v\u00e9los<\/p>\n<p>Si tous les appartements \u2013 des T2 et des T3 \u2013 sont d\u2019ores et d\u00e9j\u00e0 occup\u00e9s, cette nouvelle r\u00e9sidence, baptis\u00e9e Les Balcons d\u2019Hestia, a officiellement \u00e9t\u00e9 inaugur\u00e9e mardi par la Ville, en collaboration avec le promoteur Elgea et le bailleur social 1001 Vies Habitat &#8211; Logis familial varois.<\/p>\n<p>Car l\u2019ensemble comprend vingt-cinq logements en accession \u00e0 la propri\u00e9t\u00e9 et dix-sept en location sociale (sept PLUS et cinq PLAI), ainsi que 34 places de stationnement en sous-sol, 9 places a\u00e9riennes et un local \u00e0 v\u00e9los.<\/p>\n<p>Th\u00e9o Durville, directeur de programme adjoint chez Elgea, a rappel\u00e9 que ce projet immobilier avait mis sept ann\u00e9es \u00e0 se concr\u00e9tiser, dans un \u00ab\u00a0climat \u00e9conomique compliqu\u00e9\u00a0\u00bb.<\/p>\n<p>Il a \u00e9galement remerci\u00e9 les services de la Ville: \u00ab\u00a0Il y a eu beaucoup de dialogue, qui se poursuit actuellement au sujet des voies pi\u00e9tonnes qui vont \u00eatre r\u00e9troc\u00e9d\u00e9es.\u00a0\u00bb<\/p>\n<p>\u00ab\u00a0Engagement en faveur du relogement et de la mixit\u00e9\u00a0\u00bb<\/p>\n<p>Pascal Friquet, pr\u00e9sident du directoire du Logis familial varois, qui g\u00e8re 455 logements sociaux \u00e0 Sanary, a quant \u00e0 lui soulign\u00e9 \u00ab\u00a0l\u2019intelligence du travail de la mairie d\u2019avoir r\u00e9alis\u00e9 du priv\u00e9 et du social, en s\u2019assurant de la qualit\u00e9\u00a0\u00bb.<\/p>\n<p>\u00ab\u00a0C\u2019est un projet important pour le centre-ville, estime le maire, un programme mixte qui porte \u00e0 950 le nombre de logements locatifs sociaux \u00e0 Sanary, soit 9,5% des r\u00e9sidences principales.\u00a0\u00bb<\/p>\n<p>Dont une tr\u00e8s grande majorit\u00e9 est r\u00e9cente: \u00ab\u00a0Environ 700 logements locatifs sociaux ont \u00e9t\u00e9 construits en dix ans \u00e0 Sanary, a encore pr\u00e9cis\u00e9 Daniel Alsters. Cela montre l\u2019engagement de la commune en faveur du relogement et de la mixit\u00e9.\u00a0\u00bb<\/p>\n","protected":false},"excerpt":{"rendered":"D\u2019aucuns se souviennent que ce terrain abritait notamment un garage Renault qui avait \u00e9t\u00e9 condamn\u00e9, apr\u00e8s des ann\u00e9es&hellip;\n","protected":false},"author":2,"featured_media":188066,"comment_status":"","ping_status":"","sticky":false,"template":"","format":"standard","meta":{"footnotes":""},"categories":[9619],"tags":[1111,11,1777,674,1011,27,1116,12,882,25,2310],"class_list":{"0":"post-188065","1":"post","2":"type-post","3":"status-publish","4":"format-standard","5":"has-post-thumbnail","7":"category-toulon","8":"tag-actu","9":"tag-actualites","10":"tag-eu","11":"tag-europe","12":"tag-fr","13":"tag-france","14":"tag-immobilier","15":"tag-news","16":"tag-provence-alpes-cote-dazur","17":"tag-republique-francaise","18":"tag-toulon"},"share_on_mastodon":{"url":"https:\/\/pubeurope.com\/@fr\/114709309921282004","error":""},"_links":{"self":[{"href":"https:\/\/www.europesays.com\/fr\/wp-json\/wp\/v2\/posts\/188065","targetHints":{"allow":["GET"]}}],"collection":[{"href":"https:\/\/www.europesays.com\/fr\/wp-json\/wp\/v2\/posts"}],"about":[{"href":"https:\/\/www.europesays.com\/fr\/wp-json\/wp\/v2\/types\/post"}],"author":[{"embeddable":true,"href":"https:\/\/www.europesays.com\/fr\/wp-json\/wp\/v2\/users\/2"}],"replies":[{"embeddable":true,"href":"https:\/\/www.europesays.com\/fr\/wp-json\/wp\/v2\/comments?post=188065"}],"version-history":[{"count":0,"href":"https:\/\/www.europesays.com\/fr\/wp-json\/wp\/v2\/posts\/188065\/revisions"}],"wp:featuredmedia":[{"embeddable":true,"href":"https:\/\/www.europesays.com\/fr\/wp-json\/wp\/v2\/media\/188066"}],"wp:attachment":[{"href":"https:\/\/www.europesays.com\/fr\/wp-json\/wp\/v2\/media?parent=188065"}],"wp:term":[{"taxonomy":"category","embeddable":true,"href":"https:\/\/www.europesays.com\/fr\/wp-json\/wp\/v2\/categories?post=188065"},{"taxonomy":"post_tag","embeddable":true,"href":"https:\/\/www.europesays.com\/fr\/wp-json\/wp\/v2\/tags?post=188065"}],"curies":[{"name":"wp","href":"https:\/\/api.w.org\/{rel}","templated":true}]}}