{"id":188067,"date":"2025-06-19T09:25:09","date_gmt":"2025-06-19T09:25:09","guid":{"rendered":"https:\/\/www.europesays.com\/fr\/188067\/"},"modified":"2025-06-19T09:25:09","modified_gmt":"2025-06-19T09:25:09","slug":"on-naurait-jamais-du-louer-notre-salle-au-rn-regrette-lassociation-des-entreprises-du-parc-dactivite-de-toulon-est","status":"publish","type":"post","link":"https:\/\/www.europesays.com\/fr\/188067\/","title":{"rendered":"\u00ab\u00a0On n\u2019aurait jamais d\u00fb louer notre salle au RN\u00a0\u00bb regrette l\u2019Association des entreprises du parc d\u2019activit\u00e9 de Toulon-Est"},"content":{"rendered":"<p>\u00c0 peine une heure de r\u00e9union, pas plus d\u2019une vingtaine de personnes pr\u00e9sentes mais un \u00e9v\u00e9nement qui n\u2019en finit plus de faire couler de l\u2019encre. La d\u00e9claration de candidature de Nicolas Salsou, le vendredi 13 juin, a d\u00e9cid\u00e9ment cr\u00e9\u00e9 pas mal d\u2019\u00e9moi.<\/p>\n<p>Alors qu\u2019il \u00e9tait encore directeur de cabinet d\u2019H\u00e9l\u00e8ne Bill, maire de La Garde, rappelons que celui-ci a annonc\u00e9 se pr\u00e9senter aux \u00e9lections municipales de 2026 dans la cit\u00e9 du Rocher, sous l\u2019\u00e9tiquette du Rassemblement national.<\/p>\n<p>Un m\u00e9lange des genres qui a fait grand bruit en fin de semaine derni\u00e8re\u2026 et qui continue de faire causer.<\/p>\n<p>Cette fois, c\u2019est un \u00ab\u00a0collectif\u00a0\u00bb d\u2019une cinquantaine de patrons de l\u2019Afuzi, l\u2019Association des entreprises du parc d\u2019activit\u00e9 de Toulon-Est, qui r\u00e9agit.<\/p>\n<p>En cause: le fait que le RN ait pu utiliser les locaux de la structure, au 1041 avenue de Draguignan, \u00e0 La Garde, pour pr\u00e9senter son nouveau poulain.<\/p>\n<p>\u00ab\u00a0On a un devoir de neutralit\u00e9\u00a0\u00bb<\/p>\n<p>\u00ab\u00a0\u00c7a nous a profond\u00e9ment choqu\u00e9s parce que l\u2019Afuzi a un devoir d\u2019\u00e9thique et de neutralit\u00e9\u00a0\u00bb, pose Philippe Garcia, g\u00e9rant de Centre Inovar et porte-parole des m\u00e9contents. \u00ab\u00a0On travaille toute l\u2019ann\u00e9e avec des collectivit\u00e9s et, notamment pour cette raison, on n\u2019aurait jamais d\u00fb louer une salle au Rassemblement national. Pas plus qu\u2019\u00e0 une autre formation politique d\u2019ailleurs\u00a0\u00bb.<\/p>\n<p>Structure cr\u00e9\u00e9e en 1975 pour servir de \u00ab\u00a0courroie de transmission\u00a0\u00bb entre les collectivit\u00e9s locales et les entreprises, et ainsi am\u00e9liorer le d\u00e9veloppement \u00e9conomique, l\u2019Afuzi n\u2019est pas habitu\u00e9e \u00e0 ce genre de pol\u00e9mique.<\/p>\n<p>Sa pr\u00e9sidence avancerait-elle discr\u00e8tement ses pions, histoire d\u2019anticiper l\u2019issue du scrutin municipal de l\u2019an prochain?<\/p>\n<p>\u00ab\u00a0Pas du tout\u00a0\u00bb, jure Pierre Grech, \u00e9lu \u00e0 la t\u00eate de l\u2019association\u2026 deux jours avant la fameuse r\u00e9union. \u00ab\u00a0Seulement, une soci\u00e9t\u00e9 d\u2019\u00e9v\u00e9nementiel nous a lou\u00e9 notre salon sans nous expliquer ses motivations. On ne savait pas qu\u2019il s\u2019agissait du Rassemblement national. Mais il faut dire aussi que si on avait \u00e9t\u00e9 au courant avant, nous aurions quand m\u00eame \u00e9t\u00e9 oblig\u00e9s d\u2019accepter.\u00a0\u00bb<\/p>\n<p>Bient\u00f4t un r\u00e8glement int\u00e9rieur<\/p>\n<p>Ainsi, d\u2019apr\u00e8s le directeur g\u00e9n\u00e9ral de la soci\u00e9t\u00e9 immobili\u00e8re toulonnaise qui porte son nom, \u00ab\u00a0refuser de louer une salle sous des motifs syndicaux, religieux ou politiques est discriminatoire et peut-\u00eatre passible de 45.000 euros d\u2019amende. C\u2019est le cas s\u2019il n\u2019y a pas une base r\u00e9glementaire permettant le contraire\u00a0\u00bb.<\/p>\n<p>Dont acte. Pierre Grech, qui dit tenir \u00e0 \u00ab\u00a0la neutralit\u00e9 politique\u00a0\u00bb de l\u2019Afuzi, s\u2019est mis en t\u00eate de \u00ab\u00a0rattraper la situation\u00a0\u00bb. Comment? En r\u00e9digeant un r\u00e8glement int\u00e9rieur, qui graverait ce principe dans le marbre pour les locations de salles.<\/p>\n<p>Et qui couvrirait juridiquement l\u2019association en cas de tentative de r\u00e9cidive par un parti ou un autre.<\/p>\n<p>Le cas Sandra Torres<\/p>\n<p>Reste un probl\u00e8me, pour Philippe Garcia et les autres membres du collectif. \u00ab\u00a0Dans le nouveau bureau, il se trouve que la tr\u00e9sori\u00e8re est Sandra Torres, \u00e9lue municipale \u00e0 La Seyne mais qui a surtout \u00e9t\u00e9 r\u00e9cemment condamn\u00e9e par la justice. Lui confier les finances de l\u2019association est \u00e9tonnant\u2026\u00a0\u00bb<\/p>\n<p>Condamn\u00e9e en premi\u00e8re instance pour \u00ab\u00a0escroquerie en bande organis\u00e9e\u00a0\u00bb dans une vaste affaire de fraude \u00e0 la formation professionnelle, Sandra Torres a \u00e9cop\u00e9 de six mois de prison avec sursis, 5.000 euros d\u2019amende et une peine d\u2019in\u00e9ligibilit\u00e9.<\/p>\n<p>La Seynoise a fait appel de la d\u00e9cision.<\/p>\n","protected":false},"excerpt":{"rendered":"\u00c0 peine une heure de r\u00e9union, pas plus d\u2019une vingtaine de personnes pr\u00e9sentes mais un \u00e9v\u00e9nement qui n\u2019en&hellip;\n","protected":false},"author":2,"featured_media":188068,"comment_status":"","ping_status":"","sticky":false,"template":"","format":"standard","meta":{"footnotes":""},"categories":[9619],"tags":[1111,11,33,1777,674,1011,27,12,316,882,25,2310,3366],"class_list":{"0":"post-188067","1":"post","2":"type-post","3":"status-publish","4":"format-standard","5":"has-post-thumbnail","7":"category-toulon","8":"tag-actu","9":"tag-actualites","10":"tag-economie","11":"tag-eu","12":"tag-europe","13":"tag-fr","14":"tag-france","15":"tag-news","16":"tag-politique","17":"tag-provence-alpes-cote-dazur","18":"tag-republique-francaise","19":"tag-toulon","20":"tag-vie-locale"},"share_on_mastodon":{"url":"https:\/\/pubeurope.com\/@fr\/114709313848172468","error":""},"_links":{"self":[{"href":"https:\/\/www.europesays.com\/fr\/wp-json\/wp\/v2\/posts\/188067","targetHints":{"allow":["GET"]}}],"collection":[{"href":"https:\/\/www.europesays.com\/fr\/wp-json\/wp\/v2\/posts"}],"about":[{"href":"https:\/\/www.europesays.com\/fr\/wp-json\/wp\/v2\/types\/post"}],"author":[{"embeddable":true,"href":"https:\/\/www.europesays.com\/fr\/wp-json\/wp\/v2\/users\/2"}],"replies":[{"embeddable":true,"href":"https:\/\/www.europesays.com\/fr\/wp-json\/wp\/v2\/comments?post=188067"}],"version-history":[{"count":0,"href":"https:\/\/www.europesays.com\/fr\/wp-json\/wp\/v2\/posts\/188067\/revisions"}],"wp:featuredmedia":[{"embeddable":true,"href":"https:\/\/www.europesays.com\/fr\/wp-json\/wp\/v2\/media\/188068"}],"wp:attachment":[{"href":"https:\/\/www.europesays.com\/fr\/wp-json\/wp\/v2\/media?parent=188067"}],"wp:term":[{"taxonomy":"category","embeddable":true,"href":"https:\/\/www.europesays.com\/fr\/wp-json\/wp\/v2\/categories?post=188067"},{"taxonomy":"post_tag","embeddable":true,"href":"https:\/\/www.europesays.com\/fr\/wp-json\/wp\/v2\/tags?post=188067"}],"curies":[{"name":"wp","href":"https:\/\/api.w.org\/{rel}","templated":true}]}}