{"id":188075,"date":"2025-06-19T09:31:11","date_gmt":"2025-06-19T09:31:11","guid":{"rendered":"https:\/\/www.europesays.com\/fr\/188075\/"},"modified":"2025-06-19T09:31:11","modified_gmt":"2025-06-19T09:31:11","slug":"aucun-tram-ne-circulera-ce-vendredi-20-juin","status":"publish","type":"post","link":"https:\/\/www.europesays.com\/fr\/188075\/","title":{"rendered":"aucun tram ne circulera ce vendredi 20 juin"},"content":{"rendered":"<p>On conna\u00eet les premiers d\u00e9tails de l\u2019ampleur de <a href=\"https:\/\/www.ledauphine.com\/transport\/2025\/06\/18\/greve-des-transports-mtag-de-fortes-perturbations-prevues-vendredi-et-samedi\" target=\"_blank\" rel=\"nofollow noopener\">la gr\u00e8ve dans les transports en commun<\/a> pour la journ\u00e9e de vendredi. Et les impacts sont \u00e9normes. Aucun tramway ne circulera ainsi que les lignes C2 et C6. Le trafic des autres lignes de bus sera soit perturb\u00e9 (un bus toutes les 10 \u00e0 14 minutes pour le C1, C3, C5, C7 et C8) soit normal pour tous les autres. \u00ab\u00a0Nous invitons les usagers \u00e0 prendre des dispositions pour limiter leurs d\u00e9placements ou pr\u00e9voir une solution alternative. Le retour \u00e0 la normale est pr\u00e9vu dimanche 22\u00a0juin.\u00a0\u00bb<\/p>\n<p>Pour samedi, jour de la F\u00eate de la musique, l\u2019intersyndicale annonce d\u2019ores et d\u00e9j\u00e0 qu\u2019aucun \u00ab\u00a0tram et quasiment aucun bus ne devraient circuler\u00a0\u00bb.<\/p>\n<p>  Samedi \u00e0 17\u00a0h, ce sera gratuit\u2026<\/p>\n<p>\u00c9tonnamment, le Smmag annonce pour sa part dans un communiqu\u00e9 qu\u2019\u00e0 l\u2019occasion de la F\u00eate de la musique, \u201cl\u2019acc\u00e8s sera libre sur tout le r\u00e9seau \u00e0 partir de 17 heures et vous pourrez circuler dans tous les bus et tramways de MR\u00e9so pour pouvoir vous d\u00e9placer sans soucis lors de cette soir\u00e9e sp\u00e9ciale et vous impr\u00e9gner de musique gr\u00e2ce \u00e0 tous les concerts organis\u00e9s sur le grand territoire de la M\u00e9tropole, le Gr\u00e9sivaudan et le Pays voironnais\u201d.<\/p>\n<p>Si les lignes intra-Gr\u00e9sivaudan et intra-Voironnais ne devraient \u00eatre touch\u00e9es, la gratuit\u00e9 ne devrait pas profiter \u00e0 grand monde pour ce qui concerne la M\u00e9tropole de Grenoble.<\/p>\n","protected":false},"excerpt":{"rendered":"On conna\u00eet les premiers d\u00e9tails de l\u2019ampleur de la gr\u00e8ve dans les transports en commun pour la journ\u00e9e&hellip;\n","protected":false},"author":2,"featured_media":188076,"comment_status":"","ping_status":"","sticky":false,"template":"","format":"standard","meta":{"footnotes":""},"categories":[9566],"tags":[1111,11,2430,3542,112,113,114,1777,674,107,1011,27,2731,2732,108,1985,12,25,2803],"class_list":{"0":"post-188075","1":"post","2":"type-post","3":"status-publish","4":"format-standard","5":"has-post-thumbnail","7":"category-grenoble","8":"tag-actu","9":"tag-actualites","10":"tag-auvergne-rhone-alpes","11":"tag-circulation","12":"tag-edition-grenoble-agglomeration","13":"tag-edition-gresivaudan-oisans","14":"tag-edition-voiron-saint-marcellin","15":"tag-eu","16":"tag-europe","17":"tag-fil-info","18":"tag-fr","19":"tag-france","20":"tag-grenoble","21":"tag-grenoble-bassin","22":"tag-isere","23":"tag-metropole-de-grenoble","24":"tag-news","25":"tag-republique-francaise","26":"tag-transport"},"share_on_mastodon":{"url":"https:\/\/pubeurope.com\/@fr\/114709337453644117","error":""},"_links":{"self":[{"href":"https:\/\/www.europesays.com\/fr\/wp-json\/wp\/v2\/posts\/188075","targetHints":{"allow":["GET"]}}],"collection":[{"href":"https:\/\/www.europesays.com\/fr\/wp-json\/wp\/v2\/posts"}],"about":[{"href":"https:\/\/www.europesays.com\/fr\/wp-json\/wp\/v2\/types\/post"}],"author":[{"embeddable":true,"href":"https:\/\/www.europesays.com\/fr\/wp-json\/wp\/v2\/users\/2"}],"replies":[{"embeddable":true,"href":"https:\/\/www.europesays.com\/fr\/wp-json\/wp\/v2\/comments?post=188075"}],"version-history":[{"count":0,"href":"https:\/\/www.europesays.com\/fr\/wp-json\/wp\/v2\/posts\/188075\/revisions"}],"wp:featuredmedia":[{"embeddable":true,"href":"https:\/\/www.europesays.com\/fr\/wp-json\/wp\/v2\/media\/188076"}],"wp:attachment":[{"href":"https:\/\/www.europesays.com\/fr\/wp-json\/wp\/v2\/media?parent=188075"}],"wp:term":[{"taxonomy":"category","embeddable":true,"href":"https:\/\/www.europesays.com\/fr\/wp-json\/wp\/v2\/categories?post=188075"},{"taxonomy":"post_tag","embeddable":true,"href":"https:\/\/www.europesays.com\/fr\/wp-json\/wp\/v2\/tags?post=188075"}],"curies":[{"name":"wp","href":"https:\/\/api.w.org\/{rel}","templated":true}]}}