{"id":188079,"date":"2025-06-19T09:33:09","date_gmt":"2025-06-19T09:33:09","guid":{"rendered":"https:\/\/www.europesays.com\/fr\/188079\/"},"modified":"2025-06-19T09:33:09","modified_gmt":"2025-06-19T09:33:09","slug":"canicule-a-rennes-brumisateurs-piscines-fontaines-deau-potable-ou-et-comment-se-rafraichir","status":"publish","type":"post","link":"https:\/\/www.europesays.com\/fr\/188079\/","title":{"rendered":"Canicule \u00e0 Rennes. Brumisateurs, piscines, fontaines d&rsquo;eau potable\u2026 O\u00f9 et comment se rafra\u00eechir\u00a0?"},"content":{"rendered":"<p>            Par<br \/>\n        <strong><br \/>\n            <a href=\"https:\/\/actu.fr\/auteur\/laurene-fertin\" title=\"Consulter tous les articles de Laur\u00e8ne Fertin\" target=\"_blank\" rel=\"noopener\">Laur\u00e8ne Fertin<\/a><br \/>\n        <\/strong><\/p>\n<p>        Publi\u00e9 le<\/p>\n<p>            19 juin 2025 \u00e0 11h10        <\/p>\n<p><strong>Le mercure grimpe s\u00e9v\u00e8rement<\/strong> \u00e0 Rennes. <a href=\"https:\/\/actu.fr\/bretagne\/rennes_35238\/canicule-rennes-et-le-departement-d-ille-et-vilaine-places-en-vigilance-par-meteo-france_62789411.html\" target=\"_blank\" rel=\"noopener\">Le d\u00e9partement d\u2019Ille-et-Vilaine sera en effet plac\u00e9, ce jeudi 19\u00a0juin 2025 d\u00e8s 12h, <strong>en vigilance jaune canicule<\/strong> par M\u00e9t\u00e9o France<\/a>.<\/p>\n<p class=\" wall-content\"><strong>La Ville de Rennes<\/strong> active \u00ab\u2009son plan d\u2019actions\u2009\u00bb pour \u00ab\u2009prot\u00e9ger l\u2019ensemble de la population, en particulier les plus vuln\u00e9rables\u2009\u00bb, indique-t-elle dans un communiqu\u00e9 de presse.<\/p>\n<p class=\" wall-content\"><strong>Brumisateurs, pataugeoires pour les petits,<\/strong>\u00a0allongement des horaires d\u2019ouverture des <strong>piscines\u2026<\/strong> Plusieurs dispositions ont \u00e9t\u00e9 mises en place.<\/p>\n<p>Les brumisateurs<\/p>\n<p class=\" wall-content\">Les brumisateurs se situent dans les lieux suivants\u2009:<\/p>\n<ul class=\" wall-content\">\n<li>parc du Berry (Villejean)\u2009;<\/li>\n<li>plages vertes de Baud-Chardonnet\u2009;<\/li>\n<li>Apign\u00e9\u2009;<\/li>\n<li>parc de Maurepas\u2009;<\/li>\n<li>place du Gros-Ch\u00eane.<\/li>\n<\/ul>\n<p>Vid\u00e9os : en ce moment sur Actu<\/p>\n<p class=\" wall-content\">Toutefois, <strong>en cas de forte s\u00e9cheresse (alerte orange)<\/strong> ils peuvent, comme le miroir d\u2019eau de la place Saint-Germain, \u00eatre mis <strong>\u00e0 l\u2019arr\u00eat.<\/strong> Pour le moment, <a href=\"https:\/\/actu.fr\/bretagne\/rennes_35238\/une-situation-preoccupante-rennes-et-le-departement-d-ille-et-vilaine-places-en-vigilance-secheresse_62783312.html\" target=\"_blank\" rel=\"noopener\">le d\u00e9partement d\u2019Ille-et-Vilaine est plac\u00e9 en vigilance jaune s\u00e9cheresse<\/a>.<\/p>\n<p>Les pataugeoires<\/p>\n<p class=\" wall-content\">Des pataugeoires sont \u00e0 la disposition des petits du 13\u00a0juin au 15\u00a0septembre 2025\u2009:<\/p>\n<ul class=\" wall-content\">\n<li><strong>parc Br\u00e9quigny<\/strong>\u2009: du lundi au samedi de 10h \u00e0 20h et le dimanche de 11h \u00e0 20h (19h30 en septembre)\u2009;<\/li>\n<li><strong>square Charles-G\u00e9niaux\u2009<\/strong>: du lundi au samedi de 10h \u00e0 19h et le dimanche de 11h \u00e0 19h\u2009;<\/li>\n<li><strong>parc des Hautes-Ourmes<\/strong>\u2009: du lundi au samedi de 10h \u00e0 20h et le dimanche de 11h \u00e0 20h (19h30 en septembre) \u2013 \u00e0 partir de mi-juillet en raison de travaux.<\/li>\n<\/ul>\n<p>Les piscines<\/p>\n<p class=\" wall-content\">En cas de fortes chaleurs, les piscines adaptent leurs horaires d\u2019ouverture\u2009:<\/p>\n<ul class=\" wall-content\">\n<li><strong>Samedi 21\u00a0juin et dimanche 22\u00a0juin<\/strong><\/li>\n<\/ul>\n<p class=\" wall-content\"><strong>La piscine de Br\u00e9quigny<\/strong> verra ses bassins int\u00e9rieurs ferm\u00e9s samedi matin (pour une activit\u00e9 pour les enfants) mais ils seront <strong>ouverts \u00e0 tous l\u2019apr\u00e8s-midi de 14h \u00e0 19h.<\/strong> <strong>Le bassin nordique sera ouvert en continu de 10h \u00e0 19h<\/strong>. Dimanche, les bassins int\u00e9rieurs seront ouverts de 10h \u00e0 13h et de 15h \u00e0 19h et le bassin nordique en continu de 10h \u00e0 19h.<\/p>\n<p class=\" wall-content\"><strong>\u00c0 la piscine des Gayeulles<\/strong>, l\u2019ouverture sera en continu de 11h \u00e0 19h, samedi et dimanche.<\/p>\n<p class=\" wall-content\"><strong>\u00c0 la piscine de Villejean et de Saint-Georges<\/strong>\u2009: l\u2019ouverture se fera samedi de 14h \u00e0 19h et dimanche de 9h \u00e0 14h.<\/p>\n<p>Pour retrouver l\u2019ensemble des horaires, c\u2019est <a href=\"https:\/\/culture-sport.metropole.rennes.fr\/les-horaires-des-piscines\/\" target=\"_blank\" rel=\"noopener\">ici<\/a>.Les \u00e9tangs d\u2019Apign\u00e9<\/p>\n<p class=\" wall-content\">Tous les \u00e9t\u00e9s, il est possible de se baigner dans<strong> les \u00e9tangs d\u2019Apign\u00e9.<\/strong> La baignade est <strong>autoris\u00e9e<\/strong> et <strong>surveill\u00e9e<\/strong> par des ma\u00eetres-nageurs sauveteurs dipl\u00f4m\u00e9s\u2009; la zone est d\u00e9limit\u00e9e par une ligne d\u2019eau mat\u00e9rialis\u00e9e et des bou\u00e9es sur la longueur de la plage. En dehors de cette zone, la baignade est interdite.<\/p>\n<p class=\" wall-content\">\u00ab\u2009Attention, la baignade est toutefois<strong> conditionn\u00e9e aux r\u00e9sultats quotidiens d\u2019analyse de la qualit\u00e9 de l\u2019eau\u2009\u00bb,<\/strong> indique la Ville de Rennes. Pour savoir si les \u00e9tangs d\u2019Apign\u00e9 ne peuvent plus accueillir de baigneurs (ses), rendez-vous sur <a href=\"https:\/\/environnement-sante.metropole.rennes.fr\/\" target=\"_blank\" rel=\"noopener\">ce site<\/a>.<\/p>\n<p><strong>Les fontaines d\u2019eau potable<\/strong><\/p>\n<p class=\" wall-content\">Plusieurs fontaines publiques d\u2019eau potable sont mises \u00e0 disposition\u2009:<\/p>\n<ul class=\" wall-content\">\n<li>dans le parc des Gayeulles ;<\/li>\n<li>dans le parc Beauregard\u2009;<\/li>\n<li>dans le parc de Maurepas\u2009;<\/li>\n<li>dans le jardin du bonheur\u00a0 (rue Charles Marie Widor Sud)\u2009;<\/li>\n<li>\u00e0 la maison verte (5, rue Saintonge) ;<\/li>\n<li>dans le parc Villejean\u2009;<\/li>\n<li>dans le parc de La Touche\u2009;<\/li>\n<li>sur le Mail Fran\u00e7ois-Mitterrand\u2009;<\/li>\n<li>sur la place de la Mairie\u2009;<\/li>\n<li>dans le parc Hamelin-Oberthur\u2009;<\/li>\n<li>dans le parc du Landry\u2009;<\/li>\n<li>dans le square Charles-Dullin\u2009;<\/li>\n<li>aux \u00e9tangs d\u2019Apign\u00e9\u2009;<\/li>\n<li>dans le parc de Br\u00e9quigny\u2009;<\/li>\n<li>dans le parc des Hautes-Ourmes.<\/li>\n<\/ul>\n<p class=\" wall-content\">Suivez toute l\u2019actualit\u00e9 de vos villes et m\u00e9dias favoris en vous inscrivant \u00e0 <a href=\"https:\/\/moncompte.actu.fr\" title=\"D\u00e9couvez Mon Actu\" rel=\"nofollow noopener\" data-trk=\"{&quot;cta&quot;:{&quot;action&quot;:&quot;https:\\\/\\\/moncompte.actu.fr&quot;,&quot;category&quot;:&quot;mon compte&quot;,&quot;from&quot;:&quot;article footer&quot;,&quot;name&quot;:&quot;Mon actu&quot;,&quot;type&quot;:&quot;cta&quot;}}\" target=\"_blank\">Mon Actu<\/a>.<\/p>\n","protected":false},"excerpt":{"rendered":"Par Laur\u00e8ne Fertin Publi\u00e9 le 19 juin 2025 \u00e0 11h10 Le mercure grimpe s\u00e9v\u00e8rement \u00e0 Rennes. Le d\u00e9partement&hellip;\n","protected":false},"author":2,"featured_media":188080,"comment_status":"","ping_status":"","sticky":false,"template":"","format":"standard","meta":{"footnotes":""},"categories":[2821],"tags":[1111,11,829,6698,1777,674,1011,27,2487,12,584,25,12817],"class_list":{"0":"post-188079","1":"post","2":"type-post","3":"status-publish","4":"format-standard","5":"has-post-thumbnail","7":"category-rennes","8":"tag-actu","9":"tag-actualites","10":"tag-bretagne","11":"tag-canicule","12":"tag-eu","13":"tag-europe","14":"tag-fr","15":"tag-france","16":"tag-meteo","17":"tag-news","18":"tag-rennes","19":"tag-republique-francaise","20":"tag-secheresse"},"share_on_mastodon":{"url":"https:\/\/pubeurope.com\/@fr\/114709345428257645","error":""},"_links":{"self":[{"href":"https:\/\/www.europesays.com\/fr\/wp-json\/wp\/v2\/posts\/188079","targetHints":{"allow":["GET"]}}],"collection":[{"href":"https:\/\/www.europesays.com\/fr\/wp-json\/wp\/v2\/posts"}],"about":[{"href":"https:\/\/www.europesays.com\/fr\/wp-json\/wp\/v2\/types\/post"}],"author":[{"embeddable":true,"href":"https:\/\/www.europesays.com\/fr\/wp-json\/wp\/v2\/users\/2"}],"replies":[{"embeddable":true,"href":"https:\/\/www.europesays.com\/fr\/wp-json\/wp\/v2\/comments?post=188079"}],"version-history":[{"count":0,"href":"https:\/\/www.europesays.com\/fr\/wp-json\/wp\/v2\/posts\/188079\/revisions"}],"wp:featuredmedia":[{"embeddable":true,"href":"https:\/\/www.europesays.com\/fr\/wp-json\/wp\/v2\/media\/188080"}],"wp:attachment":[{"href":"https:\/\/www.europesays.com\/fr\/wp-json\/wp\/v2\/media?parent=188079"}],"wp:term":[{"taxonomy":"category","embeddable":true,"href":"https:\/\/www.europesays.com\/fr\/wp-json\/wp\/v2\/categories?post=188079"},{"taxonomy":"post_tag","embeddable":true,"href":"https:\/\/www.europesays.com\/fr\/wp-json\/wp\/v2\/tags?post=188079"}],"curies":[{"name":"wp","href":"https:\/\/api.w.org\/{rel}","templated":true}]}}