{"id":188081,"date":"2025-06-19T09:34:09","date_gmt":"2025-06-19T09:34:09","guid":{"rendered":"https:\/\/www.europesays.com\/fr\/188081\/"},"modified":"2025-06-19T09:34:09","modified_gmt":"2025-06-19T09:34:09","slug":"que-sest-il-passe-a-la-prison-de-rennes-ou-un-homme-a-ete-sauvagement-tue-par-son-codetenu","status":"publish","type":"post","link":"https:\/\/www.europesays.com\/fr\/188081\/","title":{"rendered":"Que s\u2019est-il pass\u00e9 \u00e0 la prison de Rennes o\u00f9 un homme a \u00e9t\u00e9 sauvagement tu\u00e9 par son cod\u00e9tenu\u00a0?"},"content":{"rendered":"<p>Il a perdu la vie derri\u00e8re les murs <a href=\"https:\/\/www.20minutes.fr\/dossier\/prison\" class=\"color-ultramarine c-link\" target=\"_blank\" rel=\"noopener\">d\u2019une prison<\/a>. Samedi 14\u00a0juin, Alexis, un jeune homme de 25 ans, a \u00e9t\u00e9 retrouv\u00e9 mort dans sa cellule au centre-p\u00e9nitentiaire de Rennes-Vezin. Selon les premiers \u00e9l\u00e9ments de l\u2019enqu\u00eate, <a href=\"https:\/\/www.20minutes.fr\/faits_divers\/faits-divers-rennes\/4159186-20250618-rennes-homme-accuse-avoir-tue-codetenu-souffrait-incontinence-fecale\" class=\"color-ultramarine c-link\" target=\"_blank\" rel=\"noopener\">il aurait \u00e9t\u00e9 sauvagement frapp\u00e9 par son cod\u00e9t\u00e9nu<\/a>. \u00c2g\u00e9 de 26 ans, ce dernier a \u00e9t\u00e9 mis en examen pour meurtre aggrav\u00e9 par des actes de torture et de barbarie. 20 Minutes fait le point sur cette sordide affaire.<\/p>\n<p>Que s\u2019est-il pass\u00e9 samedi au centre p\u00e9nitentiaire de Rennes-Vezin\u00a0?<\/p>\n<p>Le corps sans vie du d\u00e9tenu a \u00e9t\u00e9 d\u00e9couvert samedi apr\u00e8s-midi par des surveillants. <a href=\"https:\/\/www.20minutes.fr\/dossier\/autopsie\" class=\"color-ultramarine c-link\" target=\"_blank\" rel=\"noopener\">Un examen du corps<\/a> r\u00e9alis\u00e9 par un m\u00e9decin l\u00e9giste \u00ab\u00a0a permis de constater que le d\u00e9funt pr\u00e9sentait de nombreuses l\u00e9sions au visage, notamment aux yeux, au tronc et aux jambes, des br\u00fblures aux pieds et dans le dos ainsi que les signes de fractures de c\u00f4tes et d\u2019un pneumothorax\u00a0\u00bb, selon Fr\u00e9d\u00e9ric Teillet, procureur de la R\u00e9publique de Rennes.<\/p>\n<p>Imm\u00e9diatement plac\u00e9 en garde \u00e0 vue, <a href=\"https:\/\/www.20minutes.fr\/dossier\/detenus\" class=\"color-ultramarine c-link\" target=\"_blank\" rel=\"noopener\">son cod\u00e9tenu<\/a> a reconnu les faits. Ce d\u00e9cha\u00eenement de violence serait li\u00e9 \u00e0 l\u2019incontinence f\u00e9cale dont souffrait la victime, qui se retrouvait r\u00e9guli\u00e8rement avec des excr\u00e9ments sur elle. \u00ab\u00a0Ne supportant pas les odeurs, le gard\u00e9 \u00e0 vue indique avoir demand\u00e9 \u00e0 changer de cellule et commis des violences depuis plusieurs jours et plus encore le 14\u00a0juin\u00a0\u00bb, pr\u00e9cise le parquet.<\/p>\n<p>Que sait-on du suspect\u00a0?<\/p>\n<p>Originaire de Nantes, le cod\u00e9tenu a \u00e9t\u00e9 mis en examen pour meurtre aggrav\u00e9 par des actes <a href=\"https:\/\/www.20minutes.fr\/dossier\/torture\" class=\"color-ultramarine c-link\" target=\"_blank\" rel=\"noopener\">de torture<\/a> et de barbarie avant d\u2019\u00eatre transf\u00e9r\u00e9 dans un autre \u00e9tablissement p\u00e9nitentiaire. Son casier judiciaire fait \u00e9tat de vingt-trois mentions avec plusieurs condamnations pour des faits de violences aggrav\u00e9es. \u00c2g\u00e9 de 26 ans, il purgeait cette fois une peine de huit mois de prison avec sursis pour d\u00e9tention non autoris\u00e9e de stup\u00e9fiants en r\u00e9cidive.<\/p>\n<p>Un an plus jeune, la victime avait \u00e9galement \u00e9t\u00e9 condamn\u00e9e \u00e0 plusieurs reprises pour des faits de violence et purgeait plusieurs peines, \u00ab\u00a0dont une derni\u00e8re condamnation portant sur cinq mois d\u2019emprisonnement pour violences sur un fonctionnaire de police sans incapacit\u00e9\u00a0\u00bb, pr\u00e9cise le parquet de Rennes.<\/p>\n<\/p>\n<p>\u00ab\u00a0L\u2019effroi\u00a0\u00bb des proches de la victime<\/p>\n<p>Suite \u00e0 cet horrible drame, les deux avocates de la famille de la victime ont r\u00e9agi dans un communiqu\u00e9. \u00ab\u00a0L\u2019effroi a saisi ses proches lorsque ceux-ci ont appris les conditions terribles et inhumaines dans lesquelles Alexis aurait \u00e9t\u00e9 sauvagement tu\u00e9\u00a0\u00bb, indiquent-elles, d\u00e9crivant \u00ab\u00a0un jeune homme particuli\u00e8rement vuln\u00e9rable.\u00a0\u00bb<\/p>\n<p>Ma\u00eetres Gwendoline Tenier et Amina Saadaoui indiquent que \u00ab\u00a0l\u2019heure est au recueillement\u00a0\u00bb pour l\u2019instant \u00ab\u00a0mais demain viendra le temps de la proc\u00e9dure judiciaire et de toutes les questions que l\u2019horreur de ces faits suscite d\u00e9j\u00e0\u00a0\u00bb. \u00ab\u00a0La justice devra \u00e0 nos clients toutes les r\u00e9ponses l\u00e9gitimement attendues car ils n\u2019entendent pas que le meurtre d\u2019Alexis soit pass\u00e9 sous silence, comme c\u2019est malheureusement trop souvent le cas lorsque la vie s\u2019arr\u00eate entre les murs d\u2019une prison\u00a0\u00bb, concluent les deux avocates.<\/p>\n","protected":false},"excerpt":{"rendered":"Il a perdu la vie derri\u00e8re les murs d\u2019une prison. Samedi 14\u00a0juin, Alexis, un jeune homme de 25&hellip;\n","protected":false},"author":2,"featured_media":188082,"comment_status":"","ping_status":"","sticky":false,"template":"","format":"standard","meta":{"footnotes":""},"categories":[2821],"tags":[1111,47,11,829,9625,1777,674,118,7641,1011,27,848,777,12,806,584,25,24621],"class_list":{"0":"post-188081","1":"post","2":"type-post","3":"status-publish","4":"format-standard","5":"has-post-thumbnail","7":"category-rennes","8":"tag-actu","9":"tag-actualite","10":"tag-actualites","11":"tag-bretagne","12":"tag-detenu","13":"tag-eu","14":"tag-europe","15":"tag-faits-divers","16":"tag-faits-divers-rennes","17":"tag-fr","18":"tag-france","19":"tag-ille-et-vilaine","20":"tag-meurtre","21":"tag-news","22":"tag-prison","23":"tag-rennes","24":"tag-republique-francaise","25":"tag-torture"},"share_on_mastodon":{"url":"https:\/\/pubeurope.com\/@fr\/114709349254657839","error":""},"_links":{"self":[{"href":"https:\/\/www.europesays.com\/fr\/wp-json\/wp\/v2\/posts\/188081","targetHints":{"allow":["GET"]}}],"collection":[{"href":"https:\/\/www.europesays.com\/fr\/wp-json\/wp\/v2\/posts"}],"about":[{"href":"https:\/\/www.europesays.com\/fr\/wp-json\/wp\/v2\/types\/post"}],"author":[{"embeddable":true,"href":"https:\/\/www.europesays.com\/fr\/wp-json\/wp\/v2\/users\/2"}],"replies":[{"embeddable":true,"href":"https:\/\/www.europesays.com\/fr\/wp-json\/wp\/v2\/comments?post=188081"}],"version-history":[{"count":0,"href":"https:\/\/www.europesays.com\/fr\/wp-json\/wp\/v2\/posts\/188081\/revisions"}],"wp:featuredmedia":[{"embeddable":true,"href":"https:\/\/www.europesays.com\/fr\/wp-json\/wp\/v2\/media\/188082"}],"wp:attachment":[{"href":"https:\/\/www.europesays.com\/fr\/wp-json\/wp\/v2\/media?parent=188081"}],"wp:term":[{"taxonomy":"category","embeddable":true,"href":"https:\/\/www.europesays.com\/fr\/wp-json\/wp\/v2\/categories?post=188081"},{"taxonomy":"post_tag","embeddable":true,"href":"https:\/\/www.europesays.com\/fr\/wp-json\/wp\/v2\/tags?post=188081"}],"curies":[{"name":"wp","href":"https:\/\/api.w.org\/{rel}","templated":true}]}}