{"id":188083,"date":"2025-06-19T09:35:11","date_gmt":"2025-06-19T09:35:11","guid":{"rendered":"https:\/\/www.europesays.com\/fr\/188083\/"},"modified":"2025-06-19T09:35:11","modified_gmt":"2025-06-19T09:35:11","slug":"strasbourg-rassemblement-pour-la-paix-en-iran-jeudi-19-juin","status":"publish","type":"post","link":"https:\/\/www.europesays.com\/fr\/188083\/","title":{"rendered":"Strasbourg. Rassemblement pour la paix en Iran jeudi 19 juin"},"content":{"rendered":"<p class=\"wp-block-post-excerpt__excerpt\">Suite aux bombardements de l\u2019Iran par Isra\u00ebl depuis dimanche, le collectif \u00ab\u00a0Voix des femmes\u00a0: de Kaboul \u00e0 T\u00e9h\u00e9ran\u00a0\u00bb appelle \u00e0 un rassemblement contre la guerre jeudi 19 juin \u00e0 Strasbourg. <\/p>\n<p class=\"font-sans\">\n\t\t\tCet article est en acc\u00e8s libre. Pour soutenir Rue89 Strasbourg,<br \/>\n\t\t\t<a class=\"underline\" href=\"https:\/\/www.rue89strasbourg.com\/abonnement\" target=\"_blank\" rel=\"noopener\">abonnez-vous<\/a>.\n\t\t<\/p>\n<p>Pierre France<\/p>\n<p>Publi\u00e9 le 19 juin 2025\u00a0\u00a0\u00b7\u00a0\u00a0<\/p>\n<p>Imprim\u00e9 le 19 juin 2025 \u00e0 11h09\u00a0\u00a0\u00b7\u00a0\u00a0<\/p>\n<p>\t\t\t\t\t1\u00a0minute\n<\/p>\n<p>Le collectif \u00ab\u00a0Voix des femmes : de Kaboul \u00e0 T\u00e9h\u00e9ran\u00a0\u00bb organise un \u00ab\u00a0rassemblement citoyen\u00a0\u00bb ce jeudi 19 juin  de 18h \u00e0 20h, place du Corbeau \u00e0 Strasbourg. Le collectif appellera les manifestants \u00e0 dire \u00ab\u00a0non \u00e0 la guerre en Iran et \u00e0 Gaza et oui \u00e0 la paix dans le monde entier\u00a0\u00bb.<\/p>\n<p>Le vendredi 13 juin, Isra\u00ebl a lanc\u00e9 une campagne de bombardements sur les infrastructures strat\u00e9giques iraniennes, afin de ralentir les efforts de la r\u00e9publique islamique de se doter d\u2019une bombe nucl\u00e9aire. Cette op\u00e9ration, appel\u00e9 \u00ab\u00a0Rising Lion\u00a0\u00bb a notamment vis\u00e9 les usines d\u2019enrichissement de Natanz et de Fordo, le centre de recherche d\u2019Ispahan et le r\u00e9acteur nucl\u00e9aire d\u2019Arak. L\u2019Iran a r\u00e9pliqu\u00e9 par l\u2019envoi de missiles et de drones vers Isra\u00ebl. Au 19 juin, les pertes iraniennes sont d\u2019au moins 224 morts et 1\u00a0277 bless\u00e9s selon le minist\u00e8re de la Sant\u00e9 iranien, et d\u2019au moins 24 morts parmi les civils isra\u00e9liens. <\/p>\n<p>Le collectif estime que \u00ab\u00a0dans un contexte mondial marqu\u00e9 par la mont\u00e9e des violences, des guerres et des r\u00e9pressions, les femmes s\u2019\u00e9l\u00e8vent en premi\u00e8res agentes de paix. Elles portent les voix qui refusent l\u2019escalade militaire, qui refusent le silence et l\u2019oubli. Elles cr\u00e9ent des ponts, tissent des solidarit\u00e9s et r\u00e9sistent aux logiques de destruction\u00a0\u00bb.<\/p>\n<p>Y <strong>aller<\/strong><\/p>\n<p><strong>Rassemblement pour la paix en Iran et \u00e0 Gaza<\/strong>, jeudi 19 juin \u00e0 18h, place du Corbeau \u00e0 Strasbourg \u2013 centre-ville.<\/p>\n","protected":false},"excerpt":{"rendered":"Suite aux bombardements de l\u2019Iran par Isra\u00ebl depuis dimanche, le collectif \u00ab\u00a0Voix des femmes\u00a0: de Kaboul \u00e0 T\u00e9h\u00e9ran\u00a0\u00bb&hellip;\n","protected":false},"author":2,"featured_media":188084,"comment_status":"","ping_status":"","sticky":false,"template":"","format":"standard","meta":{"footnotes":""},"categories":[2820],"tags":[1111,11,1777,674,1011,27,775,3019,2088,12,3919,25,640],"class_list":{"0":"post-188083","1":"post","2":"type-post","3":"status-publish","4":"format-standard","5":"has-post-thumbnail","7":"category-strasbourg","8":"tag-actu","9":"tag-actualites","10":"tag-eu","11":"tag-europe","12":"tag-fr","13":"tag-france","14":"tag-grand-est","15":"tag-iran","16":"tag-manifestation","17":"tag-news","18":"tag-rassemblement","19":"tag-republique-francaise","20":"tag-strasbourg"},"share_on_mastodon":{"url":"https:\/\/pubeurope.com\/@fr\/114709353216905235","error":""},"_links":{"self":[{"href":"https:\/\/www.europesays.com\/fr\/wp-json\/wp\/v2\/posts\/188083","targetHints":{"allow":["GET"]}}],"collection":[{"href":"https:\/\/www.europesays.com\/fr\/wp-json\/wp\/v2\/posts"}],"about":[{"href":"https:\/\/www.europesays.com\/fr\/wp-json\/wp\/v2\/types\/post"}],"author":[{"embeddable":true,"href":"https:\/\/www.europesays.com\/fr\/wp-json\/wp\/v2\/users\/2"}],"replies":[{"embeddable":true,"href":"https:\/\/www.europesays.com\/fr\/wp-json\/wp\/v2\/comments?post=188083"}],"version-history":[{"count":0,"href":"https:\/\/www.europesays.com\/fr\/wp-json\/wp\/v2\/posts\/188083\/revisions"}],"wp:featuredmedia":[{"embeddable":true,"href":"https:\/\/www.europesays.com\/fr\/wp-json\/wp\/v2\/media\/188084"}],"wp:attachment":[{"href":"https:\/\/www.europesays.com\/fr\/wp-json\/wp\/v2\/media?parent=188083"}],"wp:term":[{"taxonomy":"category","embeddable":true,"href":"https:\/\/www.europesays.com\/fr\/wp-json\/wp\/v2\/categories?post=188083"},{"taxonomy":"post_tag","embeddable":true,"href":"https:\/\/www.europesays.com\/fr\/wp-json\/wp\/v2\/tags?post=188083"}],"curies":[{"name":"wp","href":"https:\/\/api.w.org\/{rel}","templated":true}]}}