{"id":188085,"date":"2025-06-19T09:36:11","date_gmt":"2025-06-19T09:36:11","guid":{"rendered":"https:\/\/www.europesays.com\/fr\/188085\/"},"modified":"2025-06-19T09:36:11","modified_gmt":"2025-06-19T09:36:11","slug":"strasbourg-lenseigne-normal-ouvre-ce-jeudi-dans-la-maison-rouge-place-kleber","status":"publish","type":"post","link":"https:\/\/www.europesays.com\/fr\/188085\/","title":{"rendered":"Strasbourg. L\u2019enseigne Normal ouvre ce jeudi dans la Maison-Rouge place Kl\u00e9ber"},"content":{"rendered":"<p><a href=\"https:\/\/www.dna.fr\/economie\/2025\/06\/04\/l-enseigne-normal-se-prepare-a-ouvrir-le-19-juin-dans-la-maison-rouge\" target=\"_blank\" rel=\"noopener\">L\u2019enseigne danoise Normal<\/a> , d\u00e9taillant de produits de marque dans le domaine des produits d\u2019hygi\u00e8ne, des cosm\u00e9tiques, des snacks sucr\u00e9s, caf\u00e9s et des produits m\u00e9nagers, a ouvert ce jeudi 19\u00a0juin son troisi\u00e8me magasin \u00e0 Strasbourg. Normal \u2013 qui compte 211 boutiques en France &#8211; est d\u00e9j\u00e0 pr\u00e9sent dans les centres commerciaux Rivetoile et Hautepierre. Cette nouvelle ouverture s\u2019est faite au 22 place Kl\u00e9ber, dans le centre commercial La Maison-Rouge &#8211; o\u00f9 l\u2019enseigne de fitness Basic Fit va ouvrir prochainement dans une cellule commerciale am\u00e9nag\u00e9e en sous-sol. Normal propose des produits de marque \u00e0 des prix bas. \u00c0 noter que l\u2019exp\u00e9rience d\u2019achat se veut sp\u00e9ciale dans un magasin \u00ab\u00a0en forme de labyrinthe qui invite les clients \u00e0 partir \u00e0 la chasse aux tr\u00e9sors de produits\u00a0\u00bb. Ouverture du lundi au samedi de 8\u00a0h \u00e0 20\u00a0h.<\/p>\n","protected":false},"excerpt":{"rendered":"L\u2019enseigne danoise Normal , d\u00e9taillant de produits de marque dans le domaine des produits d\u2019hygi\u00e8ne, des cosm\u00e9tiques, des&hellip;\n","protected":false},"author":2,"featured_media":188086,"comment_status":"","ping_status":"","sticky":false,"template":"","format":"standard","meta":{"footnotes":""},"categories":[2820],"tags":[1111,11,2649,4406,130,33,2880,1777,674,107,1011,27,775,12,25,640,2879],"class_list":{"0":"post-188085","1":"post","2":"type-post","3":"status-publish","4":"format-standard","5":"has-post-thumbnail","7":"category-strasbourg","8":"tag-actu","9":"tag-actualites","10":"tag-bas-rhin","11":"tag-commerce-et-services","12":"tag-consommation","13":"tag-economie","14":"tag-edition-strasbourg","15":"tag-eu","16":"tag-europe","17":"tag-fil-info","18":"tag-fr","19":"tag-france","20":"tag-grand-est","21":"tag-news","22":"tag-republique-francaise","23":"tag-strasbourg","24":"tag-strasbourg-ville"},"share_on_mastodon":{"url":"https:\/\/pubeurope.com\/@fr\/114709357120908343","error":""},"_links":{"self":[{"href":"https:\/\/www.europesays.com\/fr\/wp-json\/wp\/v2\/posts\/188085","targetHints":{"allow":["GET"]}}],"collection":[{"href":"https:\/\/www.europesays.com\/fr\/wp-json\/wp\/v2\/posts"}],"about":[{"href":"https:\/\/www.europesays.com\/fr\/wp-json\/wp\/v2\/types\/post"}],"author":[{"embeddable":true,"href":"https:\/\/www.europesays.com\/fr\/wp-json\/wp\/v2\/users\/2"}],"replies":[{"embeddable":true,"href":"https:\/\/www.europesays.com\/fr\/wp-json\/wp\/v2\/comments?post=188085"}],"version-history":[{"count":0,"href":"https:\/\/www.europesays.com\/fr\/wp-json\/wp\/v2\/posts\/188085\/revisions"}],"wp:featuredmedia":[{"embeddable":true,"href":"https:\/\/www.europesays.com\/fr\/wp-json\/wp\/v2\/media\/188086"}],"wp:attachment":[{"href":"https:\/\/www.europesays.com\/fr\/wp-json\/wp\/v2\/media?parent=188085"}],"wp:term":[{"taxonomy":"category","embeddable":true,"href":"https:\/\/www.europesays.com\/fr\/wp-json\/wp\/v2\/categories?post=188085"},{"taxonomy":"post_tag","embeddable":true,"href":"https:\/\/www.europesays.com\/fr\/wp-json\/wp\/v2\/tags?post=188085"}],"curies":[{"name":"wp","href":"https:\/\/api.w.org\/{rel}","templated":true}]}}