{"id":188103,"date":"2025-06-19T09:45:11","date_gmt":"2025-06-19T09:45:11","guid":{"rendered":"https:\/\/www.europesays.com\/fr\/188103\/"},"modified":"2025-06-19T09:45:11","modified_gmt":"2025-06-19T09:45:11","slug":"lepeule-se-projette-en-video","status":"publish","type":"post","link":"https:\/\/www.europesays.com\/fr\/188103\/","title":{"rendered":"L\u2019Epeule se projette en vid\u00e9o"},"content":{"rendered":"<p class=\"introduction\">Dans le cadre du NPNRU, le projet de r\u00e9novation urbaine \u00e0 l\u2019Epeule se donne \u00e0 voir en vid\u00e9o. En quelques minutes, plongez dans une immersion 3D au c\u0153ur du quartier : espaces publics, logements, rues, v\u00e9g\u00e9tation et \u00e9quipements prennent vie pour mieux comprendre les transformations \u00e0 venir.<\/p>\n<p>Au programme :<br \/>Logements neufs, halle de march\u00e9, \u00e9cole r\u00e9nov\u00e9e, salle de sport, nouveau centre social, nouveau parc, piste cyclable\u2026<\/p>\n<p>Le projet s\u2019inscrit dans le cadre du Nouveau Programme National de Renouvellement Urbain (NPNRU), avec un objectif clair : am\u00e9liorer durablement la qualit\u00e9 de vie dans le quartier de l\u2019Epeule.<\/p>\n","protected":false},"excerpt":{"rendered":"Dans le cadre du NPNRU, le projet de r\u00e9novation urbaine \u00e0 l\u2019Epeule se donne \u00e0 voir en vid\u00e9o.&hellip;\n","protected":false},"author":2,"featured_media":188104,"comment_status":"","ping_status":"","sticky":false,"template":"","format":"standard","meta":{"footnotes":""},"categories":[2815],"tags":[1111,11,32575,1777,674,1011,27,811,1307,12,14466,5765,25],"class_list":{"0":"post-188103","1":"post","2":"type-post","3":"status-publish","4":"format-standard","5":"has-post-thumbnail","7":"category-lille","8":"tag-actu","9":"tag-actualites","10":"tag-epeule","11":"tag-eu","12":"tag-europe","13":"tag-fr","14":"tag-france","15":"tag-hauts-de-france","16":"tag-lille","17":"tag-news","18":"tag-npnru","19":"tag-renovation-urbaine","20":"tag-republique-francaise"},"share_on_mastodon":{"url":"https:\/\/pubeurope.com\/@fr\/114709392596161892","error":""},"_links":{"self":[{"href":"https:\/\/www.europesays.com\/fr\/wp-json\/wp\/v2\/posts\/188103","targetHints":{"allow":["GET"]}}],"collection":[{"href":"https:\/\/www.europesays.com\/fr\/wp-json\/wp\/v2\/posts"}],"about":[{"href":"https:\/\/www.europesays.com\/fr\/wp-json\/wp\/v2\/types\/post"}],"author":[{"embeddable":true,"href":"https:\/\/www.europesays.com\/fr\/wp-json\/wp\/v2\/users\/2"}],"replies":[{"embeddable":true,"href":"https:\/\/www.europesays.com\/fr\/wp-json\/wp\/v2\/comments?post=188103"}],"version-history":[{"count":0,"href":"https:\/\/www.europesays.com\/fr\/wp-json\/wp\/v2\/posts\/188103\/revisions"}],"wp:featuredmedia":[{"embeddable":true,"href":"https:\/\/www.europesays.com\/fr\/wp-json\/wp\/v2\/media\/188104"}],"wp:attachment":[{"href":"https:\/\/www.europesays.com\/fr\/wp-json\/wp\/v2\/media?parent=188103"}],"wp:term":[{"taxonomy":"category","embeddable":true,"href":"https:\/\/www.europesays.com\/fr\/wp-json\/wp\/v2\/categories?post=188103"},{"taxonomy":"post_tag","embeddable":true,"href":"https:\/\/www.europesays.com\/fr\/wp-json\/wp\/v2\/tags?post=188103"}],"curies":[{"name":"wp","href":"https:\/\/api.w.org\/{rel}","templated":true}]}}