{"id":188109,"date":"2025-06-19T09:48:14","date_gmt":"2025-06-19T09:48:14","guid":{"rendered":"https:\/\/www.europesays.com\/fr\/188109\/"},"modified":"2025-06-19T09:48:14","modified_gmt":"2025-06-19T09:48:14","slug":"top-depart-pour-la-grande-braderie-de-la-mode-aides-marseille","status":"publish","type":"post","link":"https:\/\/www.europesays.com\/fr\/188109\/","title":{"rendered":"Top d\u00e9part pour la Grande braderie de la mode Aides Marseille"},"content":{"rendered":"<p><img loading=\"lazy\" decoding=\"async\" alt=\"A.Z. - La Grande braderie Aides, avec ses deux \u00e9ditions annuelles \u00e0 Marseille et Paris, a d\u00e9j\u00e0 permis de r\u00e9colter depuis son lancement pr\u00e8s de 9 M\u20ac.\" data-zoom-src=\"https:\/\/www.europesays.com\/fr\/wp-content\/uploads\/2025\/06\/initial-braderie-mode-aides-marseille-2025.jpg\" data-zoomable=\"\" height=\"702\" src=\"https:\/\/www.europesays.com\/fr\/wp-content\/uploads\/2025\/06\/initial-braderie-mode-aides-marseille-2025.jpg\" width=\"1248\"\/>  <\/p>\n<p class=\"article-desc\">A.Z. &#8211; La Grande braderie Aides, avec ses deux \u00e9ditions annuelles \u00e0 Marseille et Paris, a d\u00e9j\u00e0 permis de r\u00e9colter depuis son lancement pr\u00e8s de 9 M\u20ac. <\/p>\n<p>D\u00e8s ce jeudi 19 juin et jusqu\u2019au dimanche 22 juin, la <strong>Grande braderie <\/strong>de la mode<a href=\"https:\/\/www.aides.org\/\" rel=\"noopener nofollow\" target=\"_blank\"> Aides<\/a> s\u2019installe aux <a href=\"https:\/\/mesinfos.fr\/13000-marseille\/marseille-amundi-veut-vendre-les-docks-196146.html\" rel=\"noopener nofollow\" target=\"_blank\">Docks village<\/a>. Deux fois par an, l\u2019association de lutte contre l\u2019<a href=\"https:\/\/mesinfos.fr\/69400-villefranche-sur-saone\/je-me-suis-senti-souille-trahi-il-m-a-menti-l-histoire-d-un-porteur-caladois-du-vih-219369.html\" rel=\"noopener nofollow\" target=\"_blank\">\u00e9pid\u00e9mie de VIH\/Sida<\/a> organise une vente de v\u00eatements, accessoires et produits de beaut\u00e9 <strong>\u00e0 prix cass\u00e9s<\/strong>. <\/p>\n<p>Quelles marques sont pr\u00e9sentes \u00e0 la braderie Aides \u00e0 Marseille ? <\/p>\n<p>Il y a bien s\u00fbr les nombreuses marques fid\u00e8les depuis les d\u00e9buts comme Etam, agn\u00e8s b., Maje, Kenzo, Isabel Marant, Claudie Pierlot, Mon Pr\u00e9cieux gem, Songe Lab, Sandro, A.P.C., Dries Van Noten, Iri\u00e9, Passage du d\u00e9sir, Zadig &amp; Voltaire\u2026 mais aussi les marques locales telles que Gas bijoux, Sess\u00f9n, Jott, Pain de sucre, American vintage, Avec amour Marseille ou encore les parfums Solinotes. Toutes pr\u00e9sentent des pi\u00e8ces de collections pass\u00e9es avec des r\u00e9ductions entre 50 et 70 %. <\/p>\n<p>Tout est organis\u00e9 par univers (femme, enfant, homme, sacs, bijoux, lingerie, baln\u00e9aire), pr\u00e9sent\u00e9 par couleurs et mati\u00e8res. Si vous cherchez un jean ou un chemisier, vous pourrez identifier en deux secondes o\u00f9 se cache votre p\u00e9pite.<\/p>\n<p> <img decoding=\"async\" alt=\"equipe braderie aides marseille jocelyn meire\" data-zoomable=\"\" loading=\"lazy\" src=\"https:\/\/www.europesays.com\/fr\/wp-content\/uploads\/2025\/06\/equipe-braderie-aides-marseille-2025.jpg\"\/> \u00a9 A.Z.- Jocelyn Meire, directeur de Fask et pr\u00e9sident de Mode in Sud, parraine une nouvelle fois la Grande braderie de la Mode. Ici aux c\u00f4t\u00e9s d\u2019une partie de l\u2019\u00e9quipe de b\u00e9n\u00e9voles et permanents de l\u2019association Aides qui vous attendent jusqu\u2019au dimanche 22 juin. Les horaires de la Grande braderie Aides Marseille <\/p>\n<p>Aux Docks Village, dans le 2e arrondissement de Marseille, la Grande braderie va ouvrir aux horaires suivants, du 19 au 22 juin : jeudi 14\/19 h, vendredi et samedi 11\/19 h, dimanche 11\/18 h. <\/p>\n<p>Comme chaque ann\u00e9e, l\u2019int\u00e9gralit\u00e9 des b\u00e9n\u00e9fices de cette vente servira \u00e0 financer les actions de pr\u00e9vention et de d\u00e9pistage du VIH\/sida en Provence-Alpes-C\u00f4te d\u2019Azur. La Grande Braderie permet ainsi de collecter en moyenne 300 000 euros par \u00e9dition, soit l\u2019\u00e9quivalent du co\u00fbt d\u2019un million et demi de <strong>pr\u00e9servatifs<\/strong> ou de plus de 50 000 kits de d\u00e9pistage rapide au VIH.<\/p>\n<p> <img decoding=\"async\" alt=\"\" class=\"img-align-center\" data-zoomable=\"\" loading=\"lazy\" src=\"https:\/\/www.europesays.com\/fr\/wp-content\/uploads\/2025\/06\/braderie-mode-aides-marseille-2025-bis.jpg\"\/> \u00a9 A.Z.- Aides a \u00e9t\u00e9 cr\u00e9\u00e9e en 1984 et a lanc\u00e9 sa premi\u00e8re braderie en 1993.<\/p>\n","protected":false},"excerpt":{"rendered":"A.Z. &#8211; La Grande braderie Aides, avec ses deux \u00e9ditions annuelles \u00e0 Marseille et Paris, a d\u00e9j\u00e0 permis&hellip;\n","protected":false},"author":2,"featured_media":188110,"comment_status":"","ping_status":"","sticky":false,"template":"","format":"standard","meta":{"footnotes":""},"categories":[2814],"tags":[1111,11,1008,1777,674,1011,27,884,985,12,882,25,11772,32576,1932],"class_list":{"0":"post-188109","1":"post","2":"type-post","3":"status-publish","4":"format-standard","5":"has-post-thumbnail","7":"category-marseille","8":"tag-actu","9":"tag-actualites","10":"tag-aides","11":"tag-eu","12":"tag-europe","13":"tag-fr","14":"tag-france","15":"tag-marseille","16":"tag-mode","17":"tag-news","18":"tag-provence-alpes-cote-dazur","19":"tag-republique-francaise","20":"tag-soldes","21":"tag-soldes-du00e9tu00e9","22":"tag-solidaritu00e9"},"share_on_mastodon":{"url":"https:\/\/pubeurope.com\/@fr\/114709404424701582","error":""},"_links":{"self":[{"href":"https:\/\/www.europesays.com\/fr\/wp-json\/wp\/v2\/posts\/188109","targetHints":{"allow":["GET"]}}],"collection":[{"href":"https:\/\/www.europesays.com\/fr\/wp-json\/wp\/v2\/posts"}],"about":[{"href":"https:\/\/www.europesays.com\/fr\/wp-json\/wp\/v2\/types\/post"}],"author":[{"embeddable":true,"href":"https:\/\/www.europesays.com\/fr\/wp-json\/wp\/v2\/users\/2"}],"replies":[{"embeddable":true,"href":"https:\/\/www.europesays.com\/fr\/wp-json\/wp\/v2\/comments?post=188109"}],"version-history":[{"count":0,"href":"https:\/\/www.europesays.com\/fr\/wp-json\/wp\/v2\/posts\/188109\/revisions"}],"wp:featuredmedia":[{"embeddable":true,"href":"https:\/\/www.europesays.com\/fr\/wp-json\/wp\/v2\/media\/188110"}],"wp:attachment":[{"href":"https:\/\/www.europesays.com\/fr\/wp-json\/wp\/v2\/media?parent=188109"}],"wp:term":[{"taxonomy":"category","embeddable":true,"href":"https:\/\/www.europesays.com\/fr\/wp-json\/wp\/v2\/categories?post=188109"},{"taxonomy":"post_tag","embeddable":true,"href":"https:\/\/www.europesays.com\/fr\/wp-json\/wp\/v2\/tags?post=188109"}],"curies":[{"name":"wp","href":"https:\/\/api.w.org\/{rel}","templated":true}]}}