{"id":188111,"date":"2025-06-19T09:49:15","date_gmt":"2025-06-19T09:49:15","guid":{"rendered":"https:\/\/www.europesays.com\/fr\/188111\/"},"modified":"2025-06-19T09:49:15","modified_gmt":"2025-06-19T09:49:15","slug":"nathalie-perrin-gilbert-ne-se-presentera-pas-dans-son-1er-arrondissement","status":"publish","type":"post","link":"https:\/\/www.europesays.com\/fr\/188111\/","title":{"rendered":"Nathalie Perrin-Gilbert ne se pr\u00e9sentera pas dans son 1er arrondissement"},"content":{"rendered":"<p itemprop=\"description\"><strong>C&rsquo;est une d\u00e9cision qui pourrait para\u00eetre anodine. Mais qui en r\u00e9alit\u00e9 signifie beaucoup pour la campagne de l&rsquo;int\u00e9ress\u00e9e.<\/strong><\/p>\n<p>Selon nos informations, <a href=\"https:\/\/www.lyonmag.com\/profil-personnalite-lyonnaise\/203\/nathalie-perrin-gilbert\" target=\"_blank\" rel=\"noopener\">Nathalie Perrin-Gilbert<\/a>, candidate \u00e0 la mairie de Lyon, ne se pr\u00e9sentera pas dans le 1er arrondissement en 2026. Elle en a pourtant \u00e9t\u00e9 la maire entre 2001 et 2020, elle conna\u00eet ses habitants, ses habitudes et ses moindres recoins.<\/p>\n<p>Mais apr\u00e8s m\u00fbre r\u00e9flexion, NPG entend \u00eatre t\u00eate de liste dans un autre arrondissement lyonnais. Une fa\u00e7on probablement de sortir de sa zone de confort, et montrer que pour \u00eatre maire de Lyon, il faut \u00eatre maire de tous les Lyonnais.<\/p>\n<p>Reste \u00e0 conna\u00eetre l&rsquo;arrondissement choisi par l&rsquo;ancienne adjointe \u00e0 la Culture de <a href=\"https:\/\/www.lyonmag.com\/profil-personnalite-lyonnaise\/504\/gregory-doucet\" target=\"_blank\" rel=\"noopener\">Gr\u00e9gory Doucet<\/a>, une d\u00e9cision qui devrait tomber avant la fin de l&rsquo;ann\u00e9e.<\/p>\n<p>Nathalie Perrin-Gilbert avait officialis\u00e9 sa candidature en avril dernier, et a d\u00e9j\u00e0 d\u00e9voil\u00e9 plusieurs propositions comme la gratuit\u00e9 des TCL pour certaines cat\u00e9gories de population ou encore la promesse d&rsquo;une refonte totale de la F\u00eate des Lumi\u00e8res.<\/p>\n<p>Loin de son arrondissement, parviendra-t-elle \u00e0 faire exister \u00e0 gauche lors des municipales 2026 et m\u00eame \u00e0 finir devant les \u00e9cologistes sortants pour s&rsquo;offrir un duel avec <a href=\"https:\/\/www.lyonmag.com\/profil-personnalite-lyonnaise\/8\/jean-michel-aulas\" target=\"_blank\" rel=\"noopener\">Jean-Michel Aulas<\/a> qui semble avoir tendance \u00e0 syst\u00e9matiquement se mettre dans sa roue quand il s&rsquo;agit de faire des propositions ? ?<\/p>\n","protected":false},"excerpt":{"rendered":"C&rsquo;est une d\u00e9cision qui pourrait para\u00eetre anodine. Mais qui en r\u00e9alit\u00e9 signifie beaucoup pour la campagne de l&rsquo;int\u00e9ress\u00e9e.&hellip;\n","protected":false},"author":2,"featured_media":188112,"comment_status":"","ping_status":"","sticky":false,"template":"","format":"standard","meta":{"footnotes":""},"categories":[1889],"tags":[1111,11,2813,2190,2430,1109,251,1112,2811,1777,674,118,1011,27,1922,1110,1114,2428,2810,12,241,316,25,2812,517,800],"class_list":{"0":"post-188111","1":"post","2":"type-post","3":"status-publish","4":"format-standard","5":"has-post-thumbnail","7":"category-lyon","8":"tag-actu","9":"tag-actualites","10":"tag-article","11":"tag-asvel","12":"tag-auvergne-rhone-alpes","13":"tag-breves","14":"tag-culture","15":"tag-depeches","16":"tag-economique","17":"tag-eu","18":"tag-europe","19":"tag-faits-divers","20":"tag-fr","21":"tag-france","22":"tag-info","23":"tag-informations","24":"tag-infos","25":"tag-lyon","26":"tag-lyonmag","27":"tag-news","28":"tag-ol","29":"tag-politique","30":"tag-republique-francaise","31":"tag-sociale","32":"tag-sport","33":"tag-transports"},"share_on_mastodon":{"url":"https:\/\/pubeurope.com\/@fr\/114709408342049153","error":""},"_links":{"self":[{"href":"https:\/\/www.europesays.com\/fr\/wp-json\/wp\/v2\/posts\/188111","targetHints":{"allow":["GET"]}}],"collection":[{"href":"https:\/\/www.europesays.com\/fr\/wp-json\/wp\/v2\/posts"}],"about":[{"href":"https:\/\/www.europesays.com\/fr\/wp-json\/wp\/v2\/types\/post"}],"author":[{"embeddable":true,"href":"https:\/\/www.europesays.com\/fr\/wp-json\/wp\/v2\/users\/2"}],"replies":[{"embeddable":true,"href":"https:\/\/www.europesays.com\/fr\/wp-json\/wp\/v2\/comments?post=188111"}],"version-history":[{"count":0,"href":"https:\/\/www.europesays.com\/fr\/wp-json\/wp\/v2\/posts\/188111\/revisions"}],"wp:featuredmedia":[{"embeddable":true,"href":"https:\/\/www.europesays.com\/fr\/wp-json\/wp\/v2\/media\/188112"}],"wp:attachment":[{"href":"https:\/\/www.europesays.com\/fr\/wp-json\/wp\/v2\/media?parent=188111"}],"wp:term":[{"taxonomy":"category","embeddable":true,"href":"https:\/\/www.europesays.com\/fr\/wp-json\/wp\/v2\/categories?post=188111"},{"taxonomy":"post_tag","embeddable":true,"href":"https:\/\/www.europesays.com\/fr\/wp-json\/wp\/v2\/tags?post=188111"}],"curies":[{"name":"wp","href":"https:\/\/api.w.org\/{rel}","templated":true}]}}