{"id":188113,"date":"2025-06-19T09:50:10","date_gmt":"2025-06-19T09:50:10","guid":{"rendered":"https:\/\/www.europesays.com\/fr\/188113\/"},"modified":"2025-06-19T09:50:10","modified_gmt":"2025-06-19T09:50:10","slug":"au-programme-4-etoiles-et-165-chambres","status":"publish","type":"post","link":"https:\/\/www.europesays.com\/fr\/188113\/","title":{"rendered":"au programme, 4 \u00e9toiles et 165 chambres"},"content":{"rendered":"<p>L\u2019\u00e9v\u00e8nement a \u00e9t\u00e9 symbolis\u00e9 de mani\u00e8re originale.\u00a0Ce mercredi 18\u00a0juin, la pose de la premi\u00e8re pierre du futur Novotel s\u2019est d\u00e9roul\u00e9e place de Francfort, face \u00e0 la gare de la Part-Dieu (sortie Villette). Dans une brique du b\u00e2timent \u00e0 venir a \u00e9t\u00e9 ins\u00e9r\u00e9 un tube en laiton contenant l\u2019invitation et un po\u00e8me. Un clin d\u2019\u0153il po\u00e9tique, une touche d\u2019\u00e2me gliss\u00e9e dans le b\u00e9ton, voulue par Olivier Pelat, promoteur et fondateur du groupe Europ\u00e9quipements.<\/p>\n<p>A LIRE AUSSI &gt;&gt; <a href=\"https:\/\/www.leprogres.fr\/economie\/2025\/04\/11\/gare-de-la-part-dieu-vous-pouvez-desormais-acceder-au-metro-b-par-la-place-beraudier\" target=\"_blank\" rel=\"noopener\"> Gare de la Part-Dieu\u00a0: vous pouvez d\u00e9sormais acc\u00e9der au m\u00e9tro B par la place B\u00e9raudier<\/a><\/p>\n<p>Pr\u00e9sent dans les programmes de plusieurs ouvrages embl\u00e9matiques du quartier d\u2019affaires, dont la tour Oxyg\u00e8ne et <a href=\"https:\/\/www.leprogres.fr\/economie\/2022\/05\/19\/en-images-a-la-part-dieu-dans-les-coulisses-du-gigantesque-chantier-de-la-tour-to-lyon#:~:text=Pilot%25C3%25A9%2520par%2520Vinci%2520Immobilier%252C%2520le,fin%2520de%2520l%2527ann%25C3%25A9e%25202023.\" target=\"_blank\" rel=\"noopener\">la tour To-Lyon<\/a> , l\u2019homme ne se contente pas de hisser des tours. Investisseur et exploitant d\u2019h\u00f4tels, il est \u00e0 l\u2019origine des \u00e9tablissements Mercure, Ibis Styles, Ibis Budget et le Pullman jouxtant la gare.<\/p>\n<p>A LIRE AUSSI &gt;&gt; <a href=\"https:\/\/www.leprogres.fr\/economie\/2025\/04\/25\/dallage-de-la-place-beraudier-a-la-part-dieu-les-ouvriers-ont-ils-fait-n-importe-quoi\" target=\"_blank\" rel=\"noopener\">\u00a0Dallage de la place B\u00e9raudier \u00e0 la Part-Dieu\u00a0: les ouvriers ont-ils fait n\u2019importe quoi\u00a0?<\/a><\/p>\n<p>Avec ce nouveau projet, Olivier Pelat poursuit son ambition\u00a0: offrir une hospitalit\u00e9 urbaine haut de gamme, empreinte de caract\u00e8re et d\u2019innovation.<\/p>\n<p>  Trois ascenseurs panoramiques<\/p>\n<p>Sign\u00e9 par le cabinet d\u2019architecture AIA, le futur Novotel de 10 \u00e9tages s\u2019annonce comme un \u00e9tablissement 4 \u00e9toiles de grand standing, avec 165 chambres, dont plusieurs suites. Mais c\u2019est sur les hauteurs que se d\u00e9voilera tout le panache du lieu\u00a0: un rooftop de 1\u00a0000\u00a0m\u00b2 accueillera un restaurant bistronomique dominant la ville, une grande terrasse Biosun, une salle de d\u00e9gustation pour amateurs de cigares, ainsi qu\u2019un couloir de nage, une salle de fitness et un sauna. L\u2019ensemble sera accessible via trois ascenseurs panoramiques, offrant une vue spectaculaire sur Lyon. Le b\u00e2timent sera aussi con\u00e7u pour le monde professionnel avec des salles de r\u00e9union modulables. Un investissement de plus de 50\u00a0millions d\u2019euros.<\/p>\n<p>A LIRE AUSSI &gt;&gt; <a href=\"https:\/\/www.leprogres.fr\/environnement\/2025\/05\/14\/deux-niveaux-1-500-places-videosurveille-le-plus-grand-parking-a-velo-de-france-ouvre-a-la-part-dieu\" target=\"_blank\" rel=\"noopener\">Deux niveaux, 1\u00a0500 places, vid\u00e9osurveill\u00e9\u00a0: le plus grand parking \u00e0 v\u00e9los de France ouvre \u00e0 la Part-Dieu<\/a><\/p>\n<p>Figure majeure parmi les investisseurs priv\u00e9s de la r\u00e9gion, Olivier Pelat r\u00e9affirme son implication avec un engagement exceptionnel, \u00e0 la fois rare et audacieux dans le paysage \u00e9conomique lyonnais.<\/p>\n","protected":false},"excerpt":{"rendered":"L\u2019\u00e9v\u00e8nement a \u00e9t\u00e9 symbolis\u00e9 de mani\u00e8re originale.\u00a0Ce mercredi 18\u00a0juin, la pose de la premi\u00e8re pierre du futur Novotel&hellip;\n","protected":false},"author":2,"featured_media":188114,"comment_status":"","ping_status":"","sticky":false,"template":"","format":"standard","meta":{"footnotes":""},"categories":[1889],"tags":[1111,11,2430,33,2757,1777,674,1011,27,1116,2428,4751,4750,12,25],"class_list":{"0":"post-188113","1":"post","2":"type-post","3":"status-publish","4":"format-standard","5":"has-post-thumbnail","7":"category-lyon","8":"tag-actu","9":"tag-actualites","10":"tag-auvergne-rhone-alpes","11":"tag-economie","12":"tag-edition-lyon-villeurbanne","13":"tag-eu","14":"tag-europe","15":"tag-fr","16":"tag-france","17":"tag-immobilier","18":"tag-lyon","19":"tag-lyon-3e","20":"tag-lyon-3e-arrondissement","21":"tag-news","22":"tag-republique-francaise"},"share_on_mastodon":{"url":"https:\/\/pubeurope.com\/@fr\/114709412134583379","error":""},"_links":{"self":[{"href":"https:\/\/www.europesays.com\/fr\/wp-json\/wp\/v2\/posts\/188113","targetHints":{"allow":["GET"]}}],"collection":[{"href":"https:\/\/www.europesays.com\/fr\/wp-json\/wp\/v2\/posts"}],"about":[{"href":"https:\/\/www.europesays.com\/fr\/wp-json\/wp\/v2\/types\/post"}],"author":[{"embeddable":true,"href":"https:\/\/www.europesays.com\/fr\/wp-json\/wp\/v2\/users\/2"}],"replies":[{"embeddable":true,"href":"https:\/\/www.europesays.com\/fr\/wp-json\/wp\/v2\/comments?post=188113"}],"version-history":[{"count":0,"href":"https:\/\/www.europesays.com\/fr\/wp-json\/wp\/v2\/posts\/188113\/revisions"}],"wp:featuredmedia":[{"embeddable":true,"href":"https:\/\/www.europesays.com\/fr\/wp-json\/wp\/v2\/media\/188114"}],"wp:attachment":[{"href":"https:\/\/www.europesays.com\/fr\/wp-json\/wp\/v2\/media?parent=188113"}],"wp:term":[{"taxonomy":"category","embeddable":true,"href":"https:\/\/www.europesays.com\/fr\/wp-json\/wp\/v2\/categories?post=188113"},{"taxonomy":"post_tag","embeddable":true,"href":"https:\/\/www.europesays.com\/fr\/wp-json\/wp\/v2\/tags?post=188113"}],"curies":[{"name":"wp","href":"https:\/\/api.w.org\/{rel}","templated":true}]}}