{"id":188123,"date":"2025-06-19T09:58:14","date_gmt":"2025-06-19T09:58:14","guid":{"rendered":"https:\/\/www.europesays.com\/fr\/188123\/"},"modified":"2025-06-19T09:58:14","modified_gmt":"2025-06-19T09:58:14","slug":"man-welcome-edition-sphere-les-showrooms-parisiens-incontournables-de-cette-fin-du-mois-de-juin","status":"publish","type":"post","link":"https:\/\/www.europesays.com\/fr\/188123\/","title":{"rendered":"Man, Welcome Edition, Sph\u00e8re,\u2026 les showrooms parisiens incontournables de cette fin du mois de juin"},"content":{"rendered":"<p class=\"article-content col-md-8 offset-md-1\">\n                                En parall\u00e8le des d\u00e9fil\u00e9s et des \u00e9v\u00e9nements priv\u00e9s, la capitale fran\u00e7aise accueille plusieurs showrooms multimarques \u00e0 l&rsquo;occasion de la semaine de la mode masculine parisienne. Les collections du printemps-\u00e9t\u00e9 2026 et parfois les archives de nombreuses marques fran\u00e7aises et internationales y seront expos\u00e9es.<\/p>\n<p class=\"col-md-10 exergue\"><a class=\"fnwAddLinks\" href=\"https:\/\/be.fashionnetwork.com\/tags-man\" title=\"Man\" target=\"_blank\" rel=\"noopener\">Man<\/a>, Pavillon Vend\u00f4me (Ier arrondissement)<\/p>\n<p>\u00a0<img decoding=\"async\" itemprop=\"image\" src=\"https:\/\/www.europesays.com\/fr\/wp-content\/uploads\/2025\/06\/da5f.jpg\"\/>Man\u00a0<br \/>Le salon <a href=\"https:\/\/ch.fashionnetwork.com\/tags-man\" target=\"_blank\" rel=\"noopener\">Man<\/a> ne fait pas exception et d\u00e9barque dans la capitale du 27 au 29 juin au Pavillon Vend\u00f4me (7 place Vend\u00f4me, 1er arrondissement de Paris). Pour cette saison, Man pr\u00e9voit d\u2019exposer une multitude de marques am\u00e9ricaines telles que Dotlinesurface, Imogene and Willie, 7115 by Szeki, et Maple.<\/p>\n<p>L\u2019\u00e9v\u00e9nement fait \u00e9galement la place belle aux labels japonais : Mountain Research,\u00a0Batoner, Ciota, REGALShoe&amp;Co, J.Press Originals, A Leather, Filmelange, Haversack, Moonstar, sublimeroe, Nipoaloha et Aloha Blossom. Enfin, Man pr\u00e9sentera la marque de lunettes su\u00e9doise Corlin, la marque de chaussures britannique George Cox et le label allemand Merz b. Schwanen.\u00a0<\/p>\n<p class=\"col-md-10 exergue\">Welcome Edition (XIe arrondissement)<\/p>\n<p><img decoding=\"async\" class=\"news-image\" style=\"width:100%;max-width:669px;\" src=\"https:\/\/www.europesays.com\/fr\/wp-content\/uploads\/2025\/06\/a2c7.jpg\" alt=\"Welcome Edition de retour rue de Lappe, \u00e0 proximit\u00e9 de la place de la Bastille\" loading=\"lazy\"\/>Welcome Edition de retour rue de Lappe, \u00e0 proximit\u00e9 de la place de la Bastille &#8211; FNW<\/p>\n<p class=\"col-md-8 offset-md-1\">Welcome Edition, habitu\u00e9 de la capitale, fait son retour du 26 au 29 juin dans son espace au 28 rue de Lappe. Au total, le showroom accueille 130 marques de toutes les nationalit\u00e9s. Il pr\u00e9sente, entre autres, la collection capsule entre les marques Roy Roger&rsquo;s Workwear et Engineered Garments. Avec des marques telles que Lee 101, Samourai Jean et Spiewak, le showroom natif de Paris propose des produits \u00e0 la crois\u00e9e du workwear et du jean am\u00e9ricain, ou des articles plus casual avec Jackman, Power Goods, Pockies ou Stan Ray.<\/p>\n<p class=\"col-md-10 exergue\">Run, Maison des m\u00e9tallos (XIe arrondissement)<\/p>\n<p><img decoding=\"async\" class=\"news-image\" style=\"width:100%;max-width:601px;\" src=\"https:\/\/www.europesays.com\/fr\/wp-content\/uploads\/2025\/06\/40f0.jpg\" alt=\"Run\" loading=\"lazy\"\/>Run &#8211; Instagram @runshow_paris<\/p>\n<p class=\"col-md-8 offset-md-1 article-content--texte\">Le showroom Run est de retour pour la troisi\u00e8me saison cons\u00e9cutive et s\u2019installe dans le XIe arrondissement de Paris, derri\u00e8re les murs de la Maison des m\u00e9tallos. Il ouvrira ses portes du 26 au 29 juin. Ce showroom multimarque Who\u2019s Next est organis\u00e9 en partenariat avec l\u2019<a class=\"fnwAddLinks\" href=\"https:\/\/be.fashionnetwork.com\/tags-andam\" title=\"Andam\" target=\"_blank\" rel=\"noopener\">Andam<\/a> et est d\u00e9di\u00e9 aux designers \u00e9mergents du pr\u00eat-\u00e0-porter et de l\u2019accessoire.<\/p>\n<p>Seront pr\u00e9sent\u00e9es les marques Adieu, Again, Altar, Countrymade, Izzy Du, Laruicci, Neu_In, Paolo Leduc, Steven Passaro, Tang Tsung Chien, The World Is Your Oyster, TTSWTRS, et Valette Studio. Elles sont deux fois plus nombreuses que lors de la pr\u00e9c\u00e9dente \u00e9dition.<\/p>\n<p class=\"col-md-10 exergue\"><a class=\"fnwAddLinks\" href=\"https:\/\/be.fashionnetwork.com\/tags-splash\" title=\"Splash\" target=\"_blank\" rel=\"noopener\">Splash<\/a> Paris (VIIIe arrondissement)<\/p>\n<p>\u00a0<img decoding=\"async\" itemprop=\"image\" src=\"https:\/\/www.europesays.com\/fr\/wp-content\/uploads\/2025\/06\/88c4.jpg\"\/>Splash Paris\u00a0<br \/>D\u00e9di\u00e9 aux v\u00eatements de bain f\u00e9minins, Splash Paris s\u2019installe au 5, avenue Gabriel, dans le VIIIe arrondissement, du 28 au 30 juin prochains. Le showroom r\u00e9unit une centaine de marques et annonce la tendance m\u00ealant baln\u00e9aire et bijouterie, avec les marques Bahia Maria, Essentials for Zula, Normaillot, Paramidonna, Reina <a class=\"fnwAddLinks\" href=\"https:\/\/be.fashionnetwork.com\/tags-olga\" title=\"Olga\" target=\"_blank\" rel=\"noopener\">Olga<\/a>, et PQ Swim. Splash Paris annonce \u00e9galement que la couleur de l\u2019ann\u00e9e 2026 est le vert avocat, utilis\u00e9 par les marques Danward, Reina Olga, Nelblu, Marie Oliver, et <a class=\"fnwAddLinks\" href=\"https:\/\/be.fashionnetwork.com\/tags-free-people\" title=\"Free People\" target=\"_blank\" rel=\"noopener\">Free People<\/a>.<\/p>\n<p class=\"col-md-10 exergue\">Sph\u00e8re, <a class=\"fnwAddLinks\" href=\"https:\/\/be.fashionnetwork.com\/tags-palais-de-tokyo\" title=\"Palais de Tokyo\" target=\"_blank\" rel=\"noopener\">Palais de Tokyo<\/a> (XVIe arrondissement)<\/p>\n<p><img decoding=\"async\" class=\"news-image\" style=\"width:100%;max-width:652px;\" src=\"https:\/\/www.europesays.com\/fr\/wp-content\/uploads\/2025\/06\/de12.png\" alt=\"Sph\u00e8re\" loading=\"lazy\"\/>Sph\u00e8re &#8211; Instagram @parisfashionweek<\/p>\n<p class=\"col-md-8 offset-md-1 article-content--texte\"><a href=\"https:\/\/ch.fashionnetwork.com\/search\/?p0=sph%C3%A8re\" target=\"_blank\" rel=\"noopener\">Sph\u00e8re<\/a> est \u00e9galement pr\u00e9sent pour cette semaine de la mode masculine printemps-\u00e9t\u00e9 2026. Le showroom prendra place au Palais de Tokyo, du mercredi 25 au dimanche 29 juin. Men\u00e9 par la F\u00e9d\u00e9ration de la haute couture et de la mode (FHCM) et soutenu par le DEFI et L\u2019Or\u00e9al Paris, l\u2019\u00e9v\u00e9nement r\u00e9unira sept labels. Les marques Cach\u00ed, C.R.E.O.L.E, La Cage, Lazoschmidl et Ouest Paris sont pr\u00e9vues au calendrier officiel de la Fashion Week. Le showroom pr\u00e9sentera \u00e9galement les marques Mouty et Victor Clavelly. \u00c0 noter qu\u2019une version digitale sera disponible sur invitation avec le soutien de Le New Black et de Grand Shooting \u00e0 partir du 25 juin.<\/p>\n<p class=\"col-md-10 exergue\">F.Shop (IIe arrondissement)<\/p>\n<p><img decoding=\"async\" class=\"news-image\" style=\"width:100%;\" src=\"https:\/\/www.europesays.com\/fr\/wp-content\/uploads\/2025\/06\/faa3.jpg\" alt=\"F Shop lors de sa deuxi\u00e8me \u00e9dition, en janvier 2025\" loading=\"lazy\"\/>F Shop lors de sa deuxi\u00e8me \u00e9dition, en janvier 2025 &#8211; Instagram @audeladucuir<\/p>\n<p class=\"col-md-8 offset-md-1 article-content--texte\">Pour sa quatri\u00e8me \u00e9dition, le showroom F.Shop pr\u00e9sente huit marques \u00e9mergentes du 26 au 29 juin au 64 rue de Cl\u00e9ry, dans le IIe arrondissement de Paris, dans les locaux de l&rsquo;incubateur Au Del\u00e0 du Cuir. Les visiteurs auront l\u2019occasion d\u2019acqu\u00e9rir des pi\u00e8ces d\u2019archives et des nouvelles collections des marques Bombelli, <a class=\"fnwAddLinks\" href=\"https:\/\/be.fashionnetwork.com\/tags-christine-phung\" title=\"Christine Phung\" target=\"_blank\" rel=\"noopener\">Christine Phung<\/a>, Cordiz, D\u00fcttmann Design, Lucille Thi\u00e8vre, MAES Paris, Reco et Shoeshoe.\n                            <\/p>\n<p>\n                                Tous droits de reproduction et de repr\u00e9sentation r\u00e9serv\u00e9s.<br \/>\u00a9 2025 FashionNetwork.com\n                            <\/p>\n","protected":false},"excerpt":{"rendered":"En parall\u00e8le des d\u00e9fil\u00e9s et des \u00e9v\u00e9nements priv\u00e9s, la capitale fran\u00e7aise accueille plusieurs showrooms multimarques \u00e0 l&rsquo;occasion de&hellip;\n","protected":false},"author":2,"featured_media":188124,"comment_status":"","ping_status":"","sticky":false,"template":"","format":"standard","meta":{"footnotes":""},"categories":[1888],"tags":[11,32585,2424,32589,537,2423,1777,674,992,24457,1011,27,32588,32584,32587,2425,5803,16797,985,12,32590,24451,2298,626,2426,2427,25,2421,32586,2422,26254],"class_list":{"0":"post-188123","1":"post","2":"type-post","3":"status-publish","4":"format-standard","5":"has-post-thumbnail","7":"category-paris","8":"tag-actualites","9":"tag-andam","10":"tag-beaute","11":"tag-christine-phung","12":"tag-contact","13":"tag-cosmetiques","14":"tag-eu","15":"tag-europe","16":"tag-fashion-week","17":"tag-federation-de-la-haute-couture-et-de-la-mode","18":"tag-fr","19":"tag-france","20":"tag-free-people","21":"tag-loreal","22":"tag-lenewblack","23":"tag-luxe","24":"tag-man","25":"tag-med","26":"tag-mode","27":"tag-news","28":"tag-olga","29":"tag-palais-de-tokyo","30":"tag-parfum","31":"tag-paris","32":"tag-professionnel","33":"tag-professionnels","34":"tag-republique-francaise","35":"tag-reseau","36":"tag-splash","37":"tag-textile","38":"tag-whos-next"},"share_on_mastodon":{"url":"https:\/\/pubeurope.com\/@fr\/114709444399373237","error":""},"_links":{"self":[{"href":"https:\/\/www.europesays.com\/fr\/wp-json\/wp\/v2\/posts\/188123","targetHints":{"allow":["GET"]}}],"collection":[{"href":"https:\/\/www.europesays.com\/fr\/wp-json\/wp\/v2\/posts"}],"about":[{"href":"https:\/\/www.europesays.com\/fr\/wp-json\/wp\/v2\/types\/post"}],"author":[{"embeddable":true,"href":"https:\/\/www.europesays.com\/fr\/wp-json\/wp\/v2\/users\/2"}],"replies":[{"embeddable":true,"href":"https:\/\/www.europesays.com\/fr\/wp-json\/wp\/v2\/comments?post=188123"}],"version-history":[{"count":0,"href":"https:\/\/www.europesays.com\/fr\/wp-json\/wp\/v2\/posts\/188123\/revisions"}],"wp:featuredmedia":[{"embeddable":true,"href":"https:\/\/www.europesays.com\/fr\/wp-json\/wp\/v2\/media\/188124"}],"wp:attachment":[{"href":"https:\/\/www.europesays.com\/fr\/wp-json\/wp\/v2\/media?parent=188123"}],"wp:term":[{"taxonomy":"category","embeddable":true,"href":"https:\/\/www.europesays.com\/fr\/wp-json\/wp\/v2\/categories?post=188123"},{"taxonomy":"post_tag","embeddable":true,"href":"https:\/\/www.europesays.com\/fr\/wp-json\/wp\/v2\/tags?post=188123"}],"curies":[{"name":"wp","href":"https:\/\/api.w.org\/{rel}","templated":true}]}}