{"id":188127,"date":"2025-06-19T10:00:11","date_gmt":"2025-06-19T10:00:11","guid":{"rendered":"https:\/\/www.europesays.com\/fr\/188127\/"},"modified":"2025-06-19T10:00:11","modified_gmt":"2025-06-19T10:00:11","slug":"la-proposition-dune-mediation-russe-par-vladimir-poutine-loin-de-susciter-lenthousiasme-lexpress","status":"publish","type":"post","link":"https:\/\/www.europesays.com\/fr\/188127\/","title":{"rendered":"la proposition d\u2019une m\u00e9diation russe par Vladimir Poutine loin de susciter l\u2019enthousiasme \u2013 L&rsquo;Express"},"content":{"rendered":"<p class=\"paragraph article-body-paragraph article__item   article-body-paragraph--first \">Alors que les \u00e9changes de frappes entre Isra\u00ebl et l\u2019Iran se poursuivent, <a href=\"https:\/\/www.lexpress.fr\/monde\/europe\/vladimir-poutine-la-guerre-dapres-comment-il-se-prepare-a-attaquer-leurope-BQG4FF5L2JBTRNBR5OUES2VK7M\/\" target=\"_self\" rel=\"noopener\" title=\"https:\/\/www.lexpress.fr\/monde\/europe\/vladimir-poutine-la-guerre-dapres-comment-il-se-prepare-a-attaquer-leurope-BQG4FF5L2JBTRNBR5OUES2VK7M\/\">Vladimir Poutine<\/a> a estim\u00e9 jeudi 19\u00a0juin qu\u2019une \u00ab\u00a0solution\u00a0\u00bb qui pourrait convenir aux deux pays ennemis pouvait \u00eatre \u00ab\u00a0trouv\u00e9e\u00a0\u00bb. \u00ab\u00a0C\u2019est une question d\u00e9licate, et il faut bien s\u00fbr \u00eatre tr\u00e8s prudent, mais \u00e0 mon avis, dans l\u2019ensemble, une solution peut \u00eatre trouv\u00e9e\u00a0\u00bb, a d\u00e9clar\u00e9 le pr\u00e9sident russe lors d\u2019un \u00e9change avec des repr\u00e9sentants d\u2019agences de presse \u00e9trang\u00e8res, au sujet d\u2019une \u00e9ventuelle issue diplomatique au <a href=\"https:\/\/www.lexpress.fr\/monde\/proche-moyen-orient\/israel-iran-le-nouveau-big-bang-infernal-au-moyen-orient-AUIEUX446JBM7BC4LEDA56LKNE\/\" target=\"_self\" rel=\"noopener\" title=\"https:\/\/www.lexpress.fr\/monde\/proche-moyen-orient\/israel-iran-le-nouveau-big-bang-infernal-au-moyen-orient-AUIEUX446JBM7BC4LEDA56LKNE\/\">conflit<\/a>.<\/p>\n<p class=\"paragraph article-body-paragraph article__item   \">La solution pourrait-elle venir de Moscou\u00a0? D\u00e8s le premier jour de <a href=\"https:\/\/www.lexpress.fr\/monde\/proche-moyen-orient\/iran-comment-la-republique-islamique-destabilise-le-moyen-orient-FM5TV5SFUZBBTILCVQJXR4PRMU\/\" target=\"_self\" rel=\"noopener\" title=\"https:\/\/www.lexpress.fr\/monde\/proche-moyen-orient\/iran-comment-la-republique-islamique-destabilise-le-moyen-orient-FM5TV5SFUZBBTILCVQJXR4PRMU\/\">l\u2019affrontement d\u00e9clench\u00e9 par les frappes isra\u00e9liennes contre l\u2019Iran<\/a>, vendredi 13\u00a0juin, le ma\u00eetre du Kremlin avait propos\u00e9 sa m\u00e9diation. Une offre\u00a0r\u00e9it\u00e9r\u00e9e mercredi \u00ab\u00a0pour faire avancer le dialogue\u00a0\u00bb entre les ennemis jur\u00e9s, apr\u00e8s un appel entre le pr\u00e9sident russe et son homologue \u00e9mirati, cheikh Mohamed ben Zayed.<\/p>\n<p><strong class=\"article-body-link-list__item text-gray-800 article-body-link-list__item--one-item\">LIRE AUSSI : <a class=\"article-body-link-list__item-link\" href=\"https:\/\/www.lexpress.fr\/monde\/conflit-israel-iran-et-a-la-fin-cest-vladimir-poutine-qui-gagne-225SKJ2MYJAADAPMMF3XZWD6GU\/\" target=\"_blank\" rel=\"noreferrer noopener\">Conflit Isra\u00ebl &#8211; Iran : et \u00e0 la fin, c\u2019est Vladimir Poutine qui gagne<\/a><\/strong><\/p>\n<p class=\"paragraph article-body-paragraph article__item   \">Historiquement, la Russie entretient de bonnes relations avec Isra\u00ebl, o\u00f9 vit une importante communaut\u00e9 russophone. Mais <a href=\"https:\/\/www.lexpress.fr\/monde\/europe\/l-ukraine-hesite-entre-est-et-ouest_1302698.html\" target=\"_self\" rel=\"noopener\" title=\"https:\/\/www.lexpress.fr\/monde\/europe\/l-ukraine-hesite-entre-est-et-ouest_1302698.html\">l\u2019offensive russe en Ukraine<\/a>, lanc\u00e9e en 2022, et la guerre men\u00e9e par Isra\u00ebl \u00e0 Gaza, critiqu\u00e9e par Moscou, ont fragilis\u00e9 leurs liens. A l\u2019inverse, la Russie, marginalis\u00e9e par les Occidentaux, s\u2019est largement rapproch\u00e9e de T\u00e9h\u00e9ran ces derni\u00e8res ann\u00e9es.\u00a0L\u2019Iran est notamment accus\u00e9 par les Occidentaux de fournir \u00e0 Moscou <a href=\"https:\/\/www.lexpress.fr\/monde\/europe\/guerre-en-ukraine-comment-liran-a-aide-la-russie-et-a-moderniser-ses-drones-CE4W3CIT5VGDPH3JSKCNFBAOGU\/\" target=\"_self\" rel=\"noopener\" title=\"https:\/\/www.lexpress.fr\/monde\/europe\/guerre-en-ukraine-comment-liran-a-aide-la-russie-et-a-moderniser-ses-drones-CE4W3CIT5VGDPH3JSKCNFBAOGU\/\">des drones Shahed<\/a>.<\/p>\n<p>Revenir sur le devant de la sc\u00e8ne<\/p>\n<p class=\"paragraph article-body-paragraph article__item   \">En se proposant comme m\u00e9diateur dans <a href=\"https:\/\/www.lexpress.fr\/monde\/proche-moyen-orient\/netanyahou-na-jamais-cru-a-une-issue-diplomatique-lescalade-iran-israel-vue-par-une-diplomate-F2SGIEUHORDF7CDGIZD3HGAJYU\/\" target=\"_self\" rel=\"noopener\" title=\"https:\/\/www.lexpress.fr\/monde\/proche-moyen-orient\/netanyahou-na-jamais-cru-a-une-issue-diplomatique-lescalade-iran-israel-vue-par-une-diplomate-F2SGIEUHORDF7CDGIZD3HGAJYU\/\">la confrontation militaire entre Isra\u00ebl et l\u2019Iran<\/a>, Vladimir Poutine entend faire revenir Moscou sur le devant de la sc\u00e8ne internationale. \u00ab\u00a0En se positionnant en interm\u00e9diaire indispensable\u00a0\u00bb, la Russie pourrait, le cas \u00e9ch\u00e9ant, utiliser ce statut \u00ab\u00a0pour exiger un all\u00e9gement des sanctions, une reconnaissance diplomatique de ses revendications territoriales ou encore faire accepter son comportement en Ukraine\u00a0\u00bb, analyse Nicole Grajewski, du groupe de r\u00e9flexion Carnegie, aupr\u00e8s de l\u2019AFP. Selon cette chercheuse, Vladimir Poutine a \u00e9galement int\u00e9r\u00eat \u00e0 pr\u00e9server T\u00e9h\u00e9ran, son principal alli\u00e9 au Moyen-Orient\u00a0: \u00ab\u00a0La Russie ne veut pas de <a href=\"https:\/\/www.lexpress.fr\/monde\/guerre-israel-iran-renverser-le-regime-des-mollahs-le-pari-tres-risque-de-benyamin-netanyahou-JTCJXUMN7VB2RLWGSLIDFJLMWE\/\" target=\"_self\" rel=\"noopener\" title=\"https:\/\/www.lexpress.fr\/monde\/guerre-israel-iran-renverser-le-regime-des-mollahs-le-pari-tres-risque-de-benyamin-netanyahou-JTCJXUMN7VB2RLWGSLIDFJLMWE\/\">changement de r\u00e9gime en\u00a0Iran<\/a>, surtout s\u2019il aboutit \u00e0 un gouvernement pro-occidental qui affaiblirait le partenaire r\u00e9gional le plus important de Moscou depuis la guerre en Ukraine\u00a0\u00bb.<\/p>\n<\/p>\n<p class=\"paragraph article-body-paragraph article__item   \">Tatiana Kastou\u00e9va-Jean, de l\u2019Institut fran\u00e7ais des relations internationales (Ifri), rappelle de son c\u00f4t\u00e9 que la Russie \u00e9tait d\u00e9j\u00e0 par le pass\u00e9 \u00ab\u00a0sortie de l\u2019isolement international\u00a0\u00bb provoqu\u00e9 par son annexion de la p\u00e9ninsule ukrainienne de Crim\u00e9e en 2014, \u00ab\u00a0en se rendant incontournable\u00a0\u00bb au Moyen-Orient. Le Kremlin \u00e9tait notamment intervenu militairement en Syrie en 2015, sauvant alors le pouvoir de <a href=\"https:\/\/www.lexpress.fr\/monde\/proche-moyen-orient\/chute-de-bachar-el-assad-vladimir-poutine-le-nouveau-parrain-boiteux-TSV4NANC65CB7CMVXPF6NPG5EI\/\" target=\"_self\" rel=\"noopener\" title=\"https:\/\/www.lexpress.fr\/monde\/proche-moyen-orient\/chute-de-bachar-el-assad-vladimir-poutine-le-nouveau-parrain-boiteux-TSV4NANC65CB7CMVXPF6NPG5EI\/\">Bachar el-Assad<\/a> en pleine guerre civile. La m\u00eame ann\u00e9e, il avait soutenu l\u2019accord sur le nucl\u00e9aire iranien, avant le retrait de Washington en 2018.<\/p>\n<p>\u00ab\u00a0Fais le m\u00e9diateur pour toi-m\u00eame\u00a0\u00bb<\/p>\n<p class=\"paragraph article-body-paragraph article__item   \">La proposition d\u2019une m\u00e9diation russe entre Tel-Aviv et T\u00e9h\u00e9ran a toutefois \u00e9t\u00e9 accueillie plus que froidement, \u00e0 commencer par l\u2019Union europ\u00e9enne. \u00ab\u00a0La Russie ne peut pas \u00eatre un m\u00e9diateur objectif\u00a0\u00bb, a balay\u00e9 lundi un porte-parole de la Commission europ\u00e9enne, Anouar El Anouni. \u00ab\u00a0Je ne crois pas que la Russie, qui aujourd\u2019hui est engag\u00e9e dans un conflit de haute intensit\u00e9 et a d\u00e9cid\u00e9 de ne pas respecter la charte des Nations unies, depuis maintenant plusieurs ann\u00e9es, puisse \u00eatre en quoi que ce soit un m\u00e9diateur\u00a0\u00bb, a \u00e9galement jug\u00e9 dimanche depuis le Groenland le pr\u00e9sident fran\u00e7ais Emmanuel Macron. \u00ab\u00a0Au Kremlin qui voudrait faire la paix au Proche-Orient\u00a0: commencez par l\u2019Ukraine\u00a0\u00bb, a aussi raill\u00e9 <a href=\"https:\/\/www.lexpress.fr\/monde\/proche-moyen-orient\/en-direct-israel-iran-donald-trump-dit-que-son-depart-du-g7-na-rien-a-voir-avec-un-cessez-le-feu-7P4K337PNNAP7JR5MAYEVRVTMM\/\" target=\"_self\" rel=\"noopener\" title=\"https:\/\/www.lexpress.fr\/monde\/proche-moyen-orient\/en-direct-israel-iran-donald-trump-dit-que-son-depart-du-g7-na-rien-a-voir-avec-un-cessez-le-feu-7P4K337PNNAP7JR5MAYEVRVTMM\/\">mardi<\/a> le chef de la diplomatie fran\u00e7aise, Jean-No\u00ebl Barrot.<\/p>\n<p><strong class=\"article-body-link-list__item text-gray-800 article-body-link-list__item--one-item\">LIRE AUSSI : <a class=\"article-body-link-list__item-link\" href=\"https:\/\/www.lexpress.fr\/monde\/europe\/vladimir-poutine-la-guerre-dapres-comment-il-se-prepare-a-attaquer-leurope-BQG4FF5L2JBTRNBR5OUES2VK7M\/\" target=\"_blank\" rel=\"noreferrer noopener\">Vladimir Poutine, la guerre d&rsquo;apr\u00e8s : comment il se pr\u00e9pare \u00e0 attaquer l&rsquo;Europe<\/a><\/strong><\/p>\n<p class=\"paragraph article-body-paragraph article__item    article__text__endpicto\"><a href=\"https:\/\/www.lexpress.fr\/monde\/amerique\/donald-trump_1702460.html\" target=\"_self\" rel=\"noopener\" title=\"https:\/\/www.lexpress.fr\/monde\/amerique\/donald-trump_1702460.html\">Donald Trump<\/a> lui-m\u00eame y est all\u00e9 de sa critique\u00a0: \u00ab\u00a0Il a propos\u00e9 de faire le m\u00e9diateur, j\u2019ai dit &lsquo;Fais-moi une faveur, fais le m\u00e9diateur pour toi-m\u00eame. Occupons-nous de la m\u00e9diation pour la Russie d\u2019abord, ok\u00a0? Tu peux t\u2019occuper de \u00e7a (ndlr\u00a0: le conflit au Moyen-Orient) plus tard'\u00a0\u00bb, a d\u00e9clar\u00e9 mercredi le r\u00e9publicain pendant un \u00e9change avec des journalistes \u00e0 la Maison-Blanche. Un changement de ton clair, alors que le pr\u00e9sident am\u00e9ricain s\u2019\u00e9tait d\u2019abord dit \u00ab\u00a0ouvert\u00a0\u00bb \u00e0 la suggestion de son homologue russe.<\/p>\n","protected":false},"excerpt":{"rendered":"Alors que les \u00e9changes de frappes entre Isra\u00ebl et l\u2019Iran se poursuivent, Vladimir Poutine a estim\u00e9 jeudi 19\u00a0juin&hellip;\n","protected":false},"author":2,"featured_media":169079,"comment_status":"","ping_status":"","sticky":false,"template":"","format":"standard","meta":{"footnotes":""},"categories":[1591],"tags":[11,1887,74,12,31,1885,1886,132],"class_list":{"0":"post-188127","1":"post","2":"type-post","3":"status-publish","4":"format-standard","5":"has-post-thumbnail","7":"category-russie","8":"tag-actualites","9":"tag-federation-de-russie","10":"tag-monde","11":"tag-news","12":"tag-proche-et-moyen-orient","13":"tag-russia","14":"tag-russian-federation","15":"tag-russie"},"share_on_mastodon":{"url":"https:\/\/pubeurope.com\/@fr\/114709451684849511","error":""},"_links":{"self":[{"href":"https:\/\/www.europesays.com\/fr\/wp-json\/wp\/v2\/posts\/188127","targetHints":{"allow":["GET"]}}],"collection":[{"href":"https:\/\/www.europesays.com\/fr\/wp-json\/wp\/v2\/posts"}],"about":[{"href":"https:\/\/www.europesays.com\/fr\/wp-json\/wp\/v2\/types\/post"}],"author":[{"embeddable":true,"href":"https:\/\/www.europesays.com\/fr\/wp-json\/wp\/v2\/users\/2"}],"replies":[{"embeddable":true,"href":"https:\/\/www.europesays.com\/fr\/wp-json\/wp\/v2\/comments?post=188127"}],"version-history":[{"count":0,"href":"https:\/\/www.europesays.com\/fr\/wp-json\/wp\/v2\/posts\/188127\/revisions"}],"wp:featuredmedia":[{"embeddable":true,"href":"https:\/\/www.europesays.com\/fr\/wp-json\/wp\/v2\/media\/169079"}],"wp:attachment":[{"href":"https:\/\/www.europesays.com\/fr\/wp-json\/wp\/v2\/media?parent=188127"}],"wp:term":[{"taxonomy":"category","embeddable":true,"href":"https:\/\/www.europesays.com\/fr\/wp-json\/wp\/v2\/categories?post=188127"},{"taxonomy":"post_tag","embeddable":true,"href":"https:\/\/www.europesays.com\/fr\/wp-json\/wp\/v2\/tags?post=188127"}],"curies":[{"name":"wp","href":"https:\/\/api.w.org\/{rel}","templated":true}]}}