{"id":188134,"date":"2025-06-19T10:04:08","date_gmt":"2025-06-19T10:04:08","guid":{"rendered":"https:\/\/www.europesays.com\/fr\/188134\/"},"modified":"2025-06-19T10:04:08","modified_gmt":"2025-06-19T10:04:08","slug":"la-course-poursuite-se-termine-en-allemagne","status":"publish","type":"post","link":"https:\/\/www.europesays.com\/fr\/188134\/","title":{"rendered":"La course-poursuite se termine en Allemagne"},"content":{"rendered":"<p>Un homme qui tentait de cambrioler une station-service a essay\u00e9 d\u2019\u00e9chapper \u00e0 la police. Il a finalement \u00e9t\u00e9 arr\u00eat\u00e9 de l\u2019autre c\u00f4t\u00e9 de la fronti\u00e8re.<\/p>\n<p class=\"text\">Mercredi 18 juin, vers 23 h, la police a \u00e9t\u00e9 inform\u00e9e de la pr\u00e9sence d\u2019un homme suspect \u00e0 proximit\u00e9 d\u2019une station-service ferm\u00e9e \u00e0 Echternach. Une patrouille s\u2019est imm\u00e9diatement rendue sur place et a pu apercevoir l\u2019individu dans un v\u00e9hicule. Bien qu\u2019il ait re\u00e7u l\u2019ordre de s\u2019arr\u00eater, il a continu\u00e9 sa route et sa voiture a \u00e9t\u00e9 l\u00e9g\u00e8rement endommag\u00e9e apr\u00e8s avoir heurt\u00e9 un mur. La chasse s\u2019est poursuivie jusqu\u2019en Allemagne en passant par Weilerbach.<\/p>\n<p class=\"text\">La course-poursuite s\u2019est finalement termin\u00e9e pr\u00e8s de Bollendorf, o\u00f9 le conducteur a \u00e9t\u00e9 stopp\u00e9 par la police allemande et a pu \u00eatre interpell\u00e9.<\/p>\n<p class=\"text\">Le test d\u2019alcool\u00e9mie effectu\u00e9 s\u2019est r\u00e9v\u00e9l\u00e9 positif. Un pied de biche et une pelle ont \u00e9t\u00e9 trouv\u00e9s dans le v\u00e9hicule, tandis que la porte d\u2019entr\u00e9e de la station-service pr\u00e9sentait plusieurs traces d\u2019effraction. Un proc\u00e8s-verbal a \u00e9t\u00e9 \u00e9tabli.<\/p>\n","protected":false},"excerpt":{"rendered":"Un homme qui tentait de cambrioler une station-service a essay\u00e9 d\u2019\u00e9chapper \u00e0 la police. Il a finalement \u00e9t\u00e9&hellip;\n","protected":false},"author":2,"featured_media":188135,"comment_status":"","ping_status":"","sticky":false,"template":"","format":"standard","meta":{"footnotes":""},"categories":[1587],"tags":[11,672,1804,1805,1803,1777,674,1801,12,1802],"class_list":{"0":"post-188134","1":"post","2":"type-post","3":"status-publish","4":"format-standard","5":"has-post-thumbnail","7":"category-allemagne","8":"tag-actualites","9":"tag-allemagne","10":"tag-bundesrepublik-deutschland","11":"tag-de","12":"tag-deutschland","13":"tag-eu","14":"tag-europe","15":"tag-germany","16":"tag-news","17":"tag-republique-federale-dallemagne"},"share_on_mastodon":{"url":"https:\/\/pubeurope.com\/@fr\/114709467325006498","error":""},"_links":{"self":[{"href":"https:\/\/www.europesays.com\/fr\/wp-json\/wp\/v2\/posts\/188134","targetHints":{"allow":["GET"]}}],"collection":[{"href":"https:\/\/www.europesays.com\/fr\/wp-json\/wp\/v2\/posts"}],"about":[{"href":"https:\/\/www.europesays.com\/fr\/wp-json\/wp\/v2\/types\/post"}],"author":[{"embeddable":true,"href":"https:\/\/www.europesays.com\/fr\/wp-json\/wp\/v2\/users\/2"}],"replies":[{"embeddable":true,"href":"https:\/\/www.europesays.com\/fr\/wp-json\/wp\/v2\/comments?post=188134"}],"version-history":[{"count":0,"href":"https:\/\/www.europesays.com\/fr\/wp-json\/wp\/v2\/posts\/188134\/revisions"}],"wp:featuredmedia":[{"embeddable":true,"href":"https:\/\/www.europesays.com\/fr\/wp-json\/wp\/v2\/media\/188135"}],"wp:attachment":[{"href":"https:\/\/www.europesays.com\/fr\/wp-json\/wp\/v2\/media?parent=188134"}],"wp:term":[{"taxonomy":"category","embeddable":true,"href":"https:\/\/www.europesays.com\/fr\/wp-json\/wp\/v2\/categories?post=188134"},{"taxonomy":"post_tag","embeddable":true,"href":"https:\/\/www.europesays.com\/fr\/wp-json\/wp\/v2\/tags?post=188134"}],"curies":[{"name":"wp","href":"https:\/\/api.w.org\/{rel}","templated":true}]}}