{"id":18814,"date":"2025-04-12T02:05:10","date_gmt":"2025-04-12T02:05:10","guid":{"rendered":"https:\/\/www.europesays.com\/fr\/18814\/"},"modified":"2025-04-12T02:05:10","modified_gmt":"2025-04-12T02:05:10","slug":"pourquoi-auxerre-ol-se-jouera-ce-week-end","status":"publish","type":"post","link":"https:\/\/www.europesays.com\/fr\/18814\/","title":{"rendered":"Pourquoi Auxerre &#8211; OL se jouera ce week-end ?"},"content":{"rendered":"<p>                            <img width=\"770\" height=\"433\" src=\"https:\/\/www.europesays.com\/fr\/wp-content\/uploads\/2025\/04\/AFP__20241027__36L2497__v1__HighRes__FblFraLigue1LyonAuxerre-770x433.jpg\" class=\"attachment-article size-article wp-post-image\" alt=\"Georges Mikautadze lors d'OL - Auxerre\" decoding=\"async\" fetchpriority=\"high\"  \/><\/p>\n<p>Georges Mikautadze lors d\u2019OL \u2013 Auxerre (Photo by OLIVIER CHASSIGNOLE \/ AFP)<\/p>\n<p>M\u00eame si certains ont pu souhaiter reporter le duel contre Auxerre dimanche, l&rsquo;OL n&rsquo;en a pas fait la demande \u00e0 la Ligue. Objectif, encha\u00eener les matchs.<\/p>\n<p>Matthieu <strong>Louis-Jean<\/strong> avait \u00e9t\u00e9 clair lors de son passage sur <a href=\"https:\/\/www.olympique-et-lyonnais.com\/ol-tkydg-emission-speciale-avec-matthieu-louis-jean-en-direct,357464.html\" rel=\"nofollow noopener\" target=\"_blank\">Tant qu&rsquo;il y aura des Gones<\/a> le 31 mars dernier. L&rsquo;OL <a href=\"https:\/\/www.olympique-et-lyonnais.com\/ligue-1-lol-na-pas-demande-le-report-de-son-match-a-auxerre,356024.html\" rel=\"nofollow noopener\" target=\"_blank\">n&rsquo;a pas r\u00e9clam\u00e9<\/a> que l&rsquo;on d\u00e9place son duel \u00e0 Auxerre comptant pour la 29e journ\u00e9e de Ligue 1. Et la r\u00e9ponse est la m\u00eame presque un mois plus tard. Le club n&rsquo;a pas demand\u00e9 \u00e0 la LFP ou \u00e0 l&rsquo;AJA que cette affiche soit disput\u00e9e \u00e0 un autre moment.<\/p>\n<p>Pourtant, le Paris Saint-Germain, lui, profitera d&rsquo;un week-end sans match, s&rsquo;arrangeant avec Nantes pour jouer la partie le mardi 22 avril. Car comme l&rsquo;Olympique lyonnais, le PSG est encore en course en coupe d&rsquo;Europe (en Ligue des champions). Prenant part aux quarts de finale de la Ligue Europa, le club rhodanien aurait l\u00e9gitimement pu faire la requ\u00eate de reporter ce voyage en Bourgogne \u00e0 une autre date. <\/p>\n<p>Trois d\u00e9placements \u00e0 suivre<\/p>\n<p>La question s&rsquo;est d&rsquo;ailleurs pos\u00e9e en interne, mais la volont\u00e9 \u00e9tait plut\u00f4t d&rsquo;encha\u00eener les rencontres. Les hommes de Paulo <strong>Fonseca <\/strong>auront n\u00e9anmoins la plus large plage de repos possible, puisqu&rsquo;ils d\u00e9fieront les Auxerrois <a href=\"https:\/\/www.olympique-et-lyonnais.com\/ligue-1-lol-voyagera-a-auxerre-le-dimanche-13-avril-20h45,356118.html\" rel=\"nofollow noopener\" target=\"_blank\">dimanche \u00e0 20h45<\/a>. Un d\u00e9placement qui reste d\u00e9licat \u00e0 n\u00e9gocier au milieu de la double confrontation face \u00e0 Manchester United.<\/p>\n<p>Apr\u00e8s le nul 2-2 \u00e0 domicile jeudi, les co\u00e9quipiers de Corentin <strong>Tolisso <\/strong>vont tranquillement se tourner vers le duel chez le 10e du championnat. <a href=\"https:\/\/www.olympique-et-lyonnais.com\/ol-mata-on-a-montre-quon-etait-largement-meilleurs-que-manchester,358561.html\" rel=\"nofollow noopener\" target=\"_blank\">Clinton <strong>Mata<\/strong><\/a><strong> <\/strong>l&rsquo;a d&rsquo;ailleurs rappel\u00e9, \u00ab\u00a0il faudra r\u00e9cup\u00e9rer, car un match <a href=\"https:\/\/www.olympique-et-lyonnais.com\/ligue-1-frappart-au-sifflet-dauxerre-ol-dimanche,358264.html\" rel=\"nofollow noopener\" target=\"_blank\">tr\u00e8s important \u00e0 Auxerre <\/a>nous attend.\u00a0\u00bb Dans sa qu\u00eate de podium en fin de saison, l&rsquo;OL ne pas en effet pas se permettre de laisser des points en route. Et ce, malgr\u00e9 un calendrier qui lui pr\u00e9voit trois affiches cons\u00e9cutives \u00e0 l&rsquo;ext\u00e9rieur. Apr\u00e8s l&rsquo;Yonne, les septuples champions de France (2002-2008) iront \u00e0 Manchester pour le quart de finale retour de C3, puis <a href=\"https:\/\/www.olympique-et-lyonnais.com\/l-ol-jouera-le-derby-a-saint-etienne-le-dimanche-20-avril-20h45,356246.html\" rel=\"nofollow noopener\" target=\"_blank\">\u00e0 Saint-Etienne<\/a> le dimanche 20 avril.<\/p>\n","protected":false},"excerpt":{"rendered":"Georges Mikautadze lors d\u2019OL \u2013 Auxerre (Photo by OLIVIER CHASSIGNOLE \/ AFP) M\u00eame si certains ont pu souhaiter&hellip;\n","protected":false},"author":2,"featured_media":18815,"comment_status":"","ping_status":"","sticky":false,"template":"","format":"standard","meta":{"footnotes":""},"categories":[2],"tags":[11,4245,1011,27,66,12,241,25],"class_list":{"0":"post-18814","1":"post","2":"type-post","3":"status-publish","4":"format-standard","5":"has-post-thumbnail","7":"category-actualites","8":"tag-actualites","9":"tag-auxerre","10":"tag-fr","11":"tag-france","12":"tag-ligue-1","13":"tag-news","14":"tag-ol","15":"tag-republique-francaise"},"share_on_mastodon":{"url":"https:\/\/pubeurope.com\/@fr\/114322547191978373","error":""},"_links":{"self":[{"href":"https:\/\/www.europesays.com\/fr\/wp-json\/wp\/v2\/posts\/18814","targetHints":{"allow":["GET"]}}],"collection":[{"href":"https:\/\/www.europesays.com\/fr\/wp-json\/wp\/v2\/posts"}],"about":[{"href":"https:\/\/www.europesays.com\/fr\/wp-json\/wp\/v2\/types\/post"}],"author":[{"embeddable":true,"href":"https:\/\/www.europesays.com\/fr\/wp-json\/wp\/v2\/users\/2"}],"replies":[{"embeddable":true,"href":"https:\/\/www.europesays.com\/fr\/wp-json\/wp\/v2\/comments?post=18814"}],"version-history":[{"count":0,"href":"https:\/\/www.europesays.com\/fr\/wp-json\/wp\/v2\/posts\/18814\/revisions"}],"wp:featuredmedia":[{"embeddable":true,"href":"https:\/\/www.europesays.com\/fr\/wp-json\/wp\/v2\/media\/18815"}],"wp:attachment":[{"href":"https:\/\/www.europesays.com\/fr\/wp-json\/wp\/v2\/media?parent=18814"}],"wp:term":[{"taxonomy":"category","embeddable":true,"href":"https:\/\/www.europesays.com\/fr\/wp-json\/wp\/v2\/categories?post=18814"},{"taxonomy":"post_tag","embeddable":true,"href":"https:\/\/www.europesays.com\/fr\/wp-json\/wp\/v2\/tags?post=18814"}],"curies":[{"name":"wp","href":"https:\/\/api.w.org\/{rel}","templated":true}]}}