{"id":188153,"date":"2025-06-19T10:17:09","date_gmt":"2025-06-19T10:17:09","guid":{"rendered":"https:\/\/www.europesays.com\/fr\/188153\/"},"modified":"2025-06-19T10:17:09","modified_gmt":"2025-06-19T10:17:09","slug":"cyclisme-tour-de-suisse-infection-pulmonaire-pour-michael-woods-un-sport-cruel","status":"publish","type":"post","link":"https:\/\/www.europesays.com\/fr\/188153\/","title":{"rendered":"Cyclisme. Tour de Suisse &#8211; Infection pulmonaire pour Michael Woods : \u00abUn sport cruel&#8230;\u00bb"},"content":{"rendered":"<p>La saison gal\u00e8re se poursuit pour\u00a0<strong>Michael Woods<\/strong>&#8230; Apr\u00e8s un mois de janvier pourtant int\u00e9ressant avec une 10e place sur le <strong>Tour Down Under<\/strong>, le grimpeur canadien encha\u00eene les p\u00e9pins physiques depuis. D\u00e9j\u00e0 victime d&rsquo;une\u00a0fracture de la clavicule lors de <strong>Milan-Turin<\/strong> en mars, l&rsquo;exp\u00e9riment\u00e9 coureur d&rsquo;<strong>Israel-Premier Tech<\/strong> venait tout juste de reprendre la comp\u00e9tition sur le <strong><a href=\"https:\/\/www.cyclismactu.net\/..\/news-tour-de-suisse-route-la-5e-etape-parcours-et-profil-francais-en-danger-88425.html\" target=\"_blank\" rel=\"noopener\">Tour de Suisse<\/a><\/strong> apr\u00e8s avoir compl\u00e9t\u00e9 un\u00a0stage en altitude. Mais alors qu&rsquo;il occupait la 23e place au classement g\u00e9n\u00e9ral avant la 4e \u00e9tape, <strong>Woods<\/strong> a finalement \u00e9t\u00e9 contraint \u00e0 l&rsquo;abandon au cours de cette derni\u00e8re, \u00ab\u00a0malade\u00a0\u00bb selon un court communiqu\u00e9 publi\u00e9 par son \u00e9quipe. Le principal concern\u00e9 a ensuite donn\u00e9 plus de d\u00e9tail dans un post sur son <a href=\"https:\/\/www.instagram.com\/p\/DLC_0rQovox\/?hl=fr\" target=\"_blank\" rel=\"noopener\">Instagram<\/a>, indiquant qu&rsquo;il souffrait d&rsquo;une\u00a0\u00ab\u00a0infection pulmonaire\u00a0\u00bb, sans en dire plus.<\/p>\n<p>Vid\u00e9o &#8211; Michael Woods a abandonn\u00e9 sur la 4e \u00e9tape du Tour de Suisse Lire la suite de l&rsquo;article&#13;<\/p>\n<p>\u00a0<\/p>\n<p>&#13;<br \/>\n\u00ab\u00a0Dur de terminer mon ann\u00e9e avec le maillot de champion national du Canada de cette fa\u00e7on, mais&#8230;\u00a0\u00bb&#13;<\/p>\n<p>\u00ab\u00a0Le cyclisme est un sport cruel, tr\u00e8s cruel\u00a0\u00bb, a-t-il comment\u00e9, logiquement d\u00e9\u00e7u. \u00ab\u00a0Pour la deuxi\u00e8me fois cette ann\u00e9e, je suis sorti d&rsquo;un super stage en altitude en pleine forme, pour finalement abandonner d\u00e8s la premi\u00e8re course. Cette fois, c&rsquo;est \u00e0 cause d&rsquo;une infection pulmonaire\u00a0\u00bb, a le porteur du beau maillot de champion du Canada depuis pr\u00e8s d&rsquo;un an. Une tunique qu&rsquo;il n&rsquo;a donc pas pu honorer comme il l&rsquo;aurait esp\u00e9r\u00e9 en 2025,\u00a0son titre \u00e9tant \u00e0 nouveau remis en jeu le 28 juin prochain sans qu&rsquo;il puisse faire le d\u00e9placement pour le d\u00e9fendre. \u00ab\u00a0C&rsquo;est dur de terminer mon ann\u00e9e avec le maillot de champion national du Canada de cette fa\u00e7on, mais j&rsquo;ai de grandes courses \u00e0 l&rsquo;horizon. J&rsquo;esp\u00e8re que la malchance s&rsquo;arr\u00eatera l\u00e0\u00a0\u00bb, a indiqu\u00e9\u00a0<strong>Michael Woods<\/strong>, qui ne sera en effet pas de la partie au Qu\u00e9bec, \u00e0 pr\u00e8s de deux semaines du <strong><a href=\"https:\/\/www.cyclismactu.net\/..\/news-tour-de-france-route-a-quoi-ressemblera-startlist-du-tour-de-france-2025-88207.html\" target=\"_blank\" rel=\"noopener\">Tour de France<\/a><\/strong> sur lequel il est pressenti pour \u00eatre au d\u00e9part le 5 juillet&#8230; si sa sant\u00e9 le laisse tranquille d&rsquo;ici l\u00e0.<\/p>\n<p>Tour de Suisse &#8211; Classement de la 4\u00e8 \u00e9tape Tour de Suisse &#8211; Classement g\u00e9n\u00e9ral provisoire apr\u00e8s la 4\u00e8 \u00e9tape<script async src=\"\/\/www.instagram.com\/embed.js\"><\/script><\/p>\n","protected":false},"excerpt":{"rendered":"La saison gal\u00e8re se poursuit pour\u00a0Michael Woods&#8230; Apr\u00e8s un mois de janvier pourtant int\u00e9ressant avec une 10e place&hellip;\n","protected":false},"author":2,"featured_media":188154,"comment_status":"","ping_status":"","sticky":false,"template":"","format":"standard","meta":{"footnotes":""},"categories":[1411],"tags":[1154,207,211,1011,27,209,60,210,2454,212,208,213],"class_list":{"0":"post-188153","1":"post","2":"type-post","3":"status-publish","4":"format-standard","5":"has-post-thumbnail","7":"category-cyclisme","8":"tag-cycling","9":"tag-cyclisme","10":"tag-ffc","11":"tag-fr","12":"tag-france","13":"tag-route","14":"tag-sports","15":"tag-tour-de-france","16":"tag-tour-de-suisse","17":"tag-uci","18":"tag-velo","19":"tag-world-tour"},"share_on_mastodon":{"url":"https:\/\/pubeurope.com\/@fr\/114709518326681950","error":""},"_links":{"self":[{"href":"https:\/\/www.europesays.com\/fr\/wp-json\/wp\/v2\/posts\/188153","targetHints":{"allow":["GET"]}}],"collection":[{"href":"https:\/\/www.europesays.com\/fr\/wp-json\/wp\/v2\/posts"}],"about":[{"href":"https:\/\/www.europesays.com\/fr\/wp-json\/wp\/v2\/types\/post"}],"author":[{"embeddable":true,"href":"https:\/\/www.europesays.com\/fr\/wp-json\/wp\/v2\/users\/2"}],"replies":[{"embeddable":true,"href":"https:\/\/www.europesays.com\/fr\/wp-json\/wp\/v2\/comments?post=188153"}],"version-history":[{"count":0,"href":"https:\/\/www.europesays.com\/fr\/wp-json\/wp\/v2\/posts\/188153\/revisions"}],"wp:featuredmedia":[{"embeddable":true,"href":"https:\/\/www.europesays.com\/fr\/wp-json\/wp\/v2\/media\/188154"}],"wp:attachment":[{"href":"https:\/\/www.europesays.com\/fr\/wp-json\/wp\/v2\/media?parent=188153"}],"wp:term":[{"taxonomy":"category","embeddable":true,"href":"https:\/\/www.europesays.com\/fr\/wp-json\/wp\/v2\/categories?post=188153"},{"taxonomy":"post_tag","embeddable":true,"href":"https:\/\/www.europesays.com\/fr\/wp-json\/wp\/v2\/tags?post=188153"}],"curies":[{"name":"wp","href":"https:\/\/api.w.org\/{rel}","templated":true}]}}