{"id":188157,"date":"2025-06-19T10:19:10","date_gmt":"2025-06-19T10:19:10","guid":{"rendered":"https:\/\/www.europesays.com\/fr\/188157\/"},"modified":"2025-06-19T10:19:10","modified_gmt":"2025-06-19T10:19:10","slug":"william-leymergie-pousse-une-gueulante-en-direct-sophie-davant-est-devenue-taboue","status":"publish","type":"post","link":"https:\/\/www.europesays.com\/fr\/188157\/","title":{"rendered":"William Leymergie pousse une gueulante en direct, Sophie Davant est devenue taboue"},"content":{"rendered":"<p>Entre <a href=\"https:\/\/www.closermag.fr\/people\/sophie-davant-william-leymergie-pas-si-jaloux-elle-retrouve-pierre-sled-pour-une-belle-occasion-3534450\" target=\"_blank\" rel=\"noopener\"><br \/>\nWilliam Leymergie et Sophie Davan<\/a>t, l\u2019amour est toujours au<br \/>\nrendez-vous. Les deux animateurs, qui ont travaill\u00e9 pendant de<br \/>\nlongues ann\u00e9es ensemble, notamment dans T\u00e9l\u00e9matin, ont vu leur<br \/>\nrelation professionnelle et amicale, se transformer <strong>en<br \/>\nhistoire d\u2019amour.<\/strong> A 78 ans, le journaliste revient sur C8<br \/>\navec une toute nouvelle \u00e9mission, Balades en Famille.<\/p>\n<p>A cette occasion, William Leymergie \u00e9tait pr\u00e9sent dans<br \/>\nl\u2019\u00e9mission de Thomas Isle, Culture M\u00e9dias. Mais voil\u00e0 que tout \u00e0<br \/>\ncoup, la chronique humoristique de Jean-Luc Lemoine n\u2019est pas<br \/>\nvraiment pass\u00e9e. En effet, il a voulu <strong>taquiner<br \/>\nl\u2019invit\u00e9<\/strong> de l\u2019\u00e9mission au sujet de sa relation amoureuse<br \/>\navec Sophie Davant.<\/p>\n<p>William Leymergie n&rsquo;appr\u00e9cie pas vraiment qu&rsquo;on se joue des<br \/>\nd\u00e9clarations de sa compagne Sophie Davant<\/p>\n<p>Il diffuse alors une s\u00e9quence dans laquelle on attend Sophie<br \/>\nDavant ne pas vouloir parler de sa relation avec son ch\u00e9ri,<br \/>\nindiquant qu\u2019elle n\u2019avait pas \u00ab\u00a0demand\u00e9 l\u2019autorisation \u00e0<br \/>\nWilliam\u00a0\u00bb. Et si Jean-Luc Lemoine rigole franchement de cette<br \/>\ns\u00e9quence, William Leymergie semble ne pas vraiment appr\u00e9cier ces<br \/>\npetites blagues au sujet de sa compagne : <strong>\u00ab\u00a0On va faire<br \/>\ntoute la chronique l\u00e0-dessus ?\u00a0\u00bb.<\/strong><\/p>\n<p>Et toc, Jean-Luc Lemoine n\u2019a qu\u2019\u00e0 bien se tenir. Il semblerait<br \/>\ndonc que le sujet de <a href=\"https:\/\/www.closermag.fr\/people\/il-a-ete-mon-patron-poussee-par-bruce-toussaint-sophie-davant-devoile-beaucoup-sur-son-couple-avec-william-leymergie-3516700\" target=\"_blank\" rel=\"noopener\"><br \/>\nSophie Davant<\/a> soit quelque peu tabou. Toutefois, l\u2019animateur a<br \/>\naccept\u00e9 de revenir sur une possible collaboration avec sa<br \/>\nbelle.\u00a0<\/p>\n<p>L&rsquo;animateur pourrait-il revenir aux<br \/>\ncommandes d&rsquo;une \u00e9mission en compagnie de Sophie Davant ?<\/p>\n<p>En effet, William Leymergie pr\u00e9cise qu\u2019il pourrait se retrouver<br \/>\n<a href=\"https:\/\/www.closermag.fr\/people\/sophie-davant-et-william-leymergie-le-couple-pret-a-remettre-le-couvert-3556137\" target=\"_blank\" rel=\"noopener\"><br \/>\n\u00e0 l\u2019antenne avec Sophie Davant<\/a> : \u00ab\u00a0C\u2019est une id\u00e9e qui nous a<br \/>\n\u00e9t\u00e9 sugg\u00e9r\u00e9e, comme on se conna\u00eet bien, \u00e7a fait quarante ans<br \/>\nmaintenant. Et on n\u2019arr\u00eate pas de se taquiner sur le sujet\u00a0\u00bb,<br \/>\na-t-il expliqu\u00e9. \u00ab\u00a0Il y a un endroit o\u00f9 ils cherchent un<br \/>\n<strong>bin\u00f4me \u00e0 France T\u00e9l\u00e9<\/strong> o\u00f9 ils ont du mal \u00e0 trouver<br \/>\nun bin\u00f4me stable. C\u2019est T\u00e9l\u00e9matin, je ne sais pas si vous<br \/>\nconnaissez cette \u00e9mission. Vous \u00eates tous les deux de grands<br \/>\nconnaisseurs de cette tranche-l\u00e0\u00a0\u00bb, lance alors Thomas Isle, le<br \/>\npr\u00e9sentateur.<\/p>\n<p>Mais il semblerait que William Leymergie n\u2019ait pas du tout envie<br \/>\nde revenir sur la Deux. \u00ab\u00a0Il y a peut-\u00eatre des gens qui pensent<br \/>\n\u00e0 \u00e7a, <strong>mais s\u00fbrement pas France 2&Prime;.\u00a0<\/strong><\/p>\n","protected":false},"excerpt":{"rendered":"Entre William Leymergie et Sophie Davant, l\u2019amour est toujours au rendez-vous. Les deux animateurs, qui ont travaill\u00e9 pendant&hellip;\n","protected":false},"author":2,"featured_media":188158,"comment_status":"","ping_status":"","sticky":false,"template":"","format":"standard","meta":{"footnotes":""},"categories":[1359],"tags":[548,58,59,1011,27,973,32401,32400],"class_list":{"0":"post-188157","1":"post","2":"type-post","3":"status-publish","4":"format-standard","5":"has-post-thumbnail","7":"category-people","8":"tag-article-simple","9":"tag-divertissement","10":"tag-entertainment","11":"tag-fr","12":"tag-france","13":"tag-people","14":"tag-sophie-davant","15":"tag-william-leymergie"},"share_on_mastodon":{"url":"https:\/\/pubeurope.com\/@fr\/114709526233893536","error":""},"_links":{"self":[{"href":"https:\/\/www.europesays.com\/fr\/wp-json\/wp\/v2\/posts\/188157","targetHints":{"allow":["GET"]}}],"collection":[{"href":"https:\/\/www.europesays.com\/fr\/wp-json\/wp\/v2\/posts"}],"about":[{"href":"https:\/\/www.europesays.com\/fr\/wp-json\/wp\/v2\/types\/post"}],"author":[{"embeddable":true,"href":"https:\/\/www.europesays.com\/fr\/wp-json\/wp\/v2\/users\/2"}],"replies":[{"embeddable":true,"href":"https:\/\/www.europesays.com\/fr\/wp-json\/wp\/v2\/comments?post=188157"}],"version-history":[{"count":0,"href":"https:\/\/www.europesays.com\/fr\/wp-json\/wp\/v2\/posts\/188157\/revisions"}],"wp:featuredmedia":[{"embeddable":true,"href":"https:\/\/www.europesays.com\/fr\/wp-json\/wp\/v2\/media\/188158"}],"wp:attachment":[{"href":"https:\/\/www.europesays.com\/fr\/wp-json\/wp\/v2\/media?parent=188157"}],"wp:term":[{"taxonomy":"category","embeddable":true,"href":"https:\/\/www.europesays.com\/fr\/wp-json\/wp\/v2\/categories?post=188157"},{"taxonomy":"post_tag","embeddable":true,"href":"https:\/\/www.europesays.com\/fr\/wp-json\/wp\/v2\/tags?post=188157"}],"curies":[{"name":"wp","href":"https:\/\/api.w.org\/{rel}","templated":true}]}}