{"id":188159,"date":"2025-06-19T10:20:21","date_gmt":"2025-06-19T10:20:21","guid":{"rendered":"https:\/\/www.europesays.com\/fr\/188159\/"},"modified":"2025-06-19T10:20:21","modified_gmt":"2025-06-19T10:20:21","slug":"au-grand-palais-les-enfants-terribles-de-lart-moderne-reunis","status":"publish","type":"post","link":"https:\/\/www.europesays.com\/fr\/188159\/","title":{"rendered":"Au Grand Palais, les enfants terribles de l&rsquo;art moderne r\u00e9unis"},"content":{"rendered":"<p class=\"editor-content__paragraph\">Forum du <strong>Centre Pompidou<\/strong>, juin 1977\u00a0: six mois apr\u00e8s <a href=\"https:\/\/www.beauxarts.com\/grand-format\/centre-pompidou-lhistoire-dun-ovni-artistique-enfant-de-mai-68\/\" target=\"_blank\" rel=\"noopener nofollow\">l\u2019inauguration de ce lieu culturel d\u2019un genre nouveau<\/a>, enfant de Mai 68\u00a0con\u00e7u pour les artistes et le public, le Crocrodrome du collectif Zig et Puce transforme l\u2019immense hall d\u2019accueil en une <strong>d\u00e9lirante et joyeuse f\u00eate foraine<\/strong>.<\/p>\n<p class=\"editor-content__paragraph\">Pens\u00e9e comme une <strong>\u0153uvre collective et participative<\/strong>, cette installation \u00e9ph\u00e9m\u00e8re, \u00e9voquant aussi bien un dragon qu\u2019un navire ou un palais, d\u00e9ploie sur une trentaine de m\u00e8tres des<strong> jeux et animations<\/strong> destin\u00e9s \u00e0 toutes les g\u00e9n\u00e9rations, avec un train fant\u00f4me, un flipper g\u00e9ant, un monstre d\u00e9lirant et aussi <strong>un mus\u00e9e du f\u00e9tichisme<\/strong> et une boutique de souvenirs. Dr\u00f4le et ludique, l\u2019\u0153uvre porte aussi en elle les <strong>aspirations anarchistes<\/strong> de l\u2019\u00e9tablissement qui, en affirmant l\u2019autonomie de l\u2019art et du public, entend r\u00e9v\u00e9ler \u00e0 ce dernier qu\u2019il peut \u00eatre moteur de cr\u00e9ation, acteur de sa visite et donc de sa propre vie.<\/p>\n<p class=\"editor-content__paragraph\">Une fois l\u2019\u00e9v\u00e9nement achev\u00e9, <strong>l\u2019installation construite in situ <\/strong>par les artistes sous les yeux des passants (sans respecter le moins du monde les normes de s\u00e9curit\u00e9) sera d\u00e9truite, comme pr\u00e9vu, afin de <strong>ne pas tomber dans le circuit mercantile<\/strong> du march\u00e9 de l\u2019art.<\/p>\n<p class=\"editor-content__paragraph\">Derri\u00e8re cette folie douce qui fait souffler <strong>un vent de libert\u00e9<\/strong> sur la tr\u00e8s s\u00e9rieuse institution mus\u00e9ale, se trouve le c\u00e9l\u00e8bre couple d\u2019artistes form\u00e9 par <strong><a href=\"https:\/\/www.beauxarts.com\/grand-format\/niki-de-saint-phalle-en-3-minutes\/\" target=\"_blank\" rel=\"noopener nofollow\">Niki de Saint Phalle<\/a><\/strong> (1930\u20132002) et <strong><a href=\"https:\/\/www.beauxarts.com\/grand-format\/jean-tinguely-en-2-minutes\/\" target=\"_blank\" rel=\"noopener nofollow\">Jean Tinguely<\/a><\/strong> (1925\u20131991), mais aussi une figure un peu oubli\u00e9e depuis, celle de <strong>Pontus Hult\u00e9n<\/strong> (1924\u2013 2006), premier directeur du Centre Pompidou. D\u00e9cloisonnant les arts, les<strong> propositions r\u00e9volutionnaires<\/strong> de cette personnalit\u00e9 atypique venue de Su\u00e8de bouleversent la mus\u00e9ographie.<\/p>\n<p>    <img loading=\"lazy\" decoding=\"async\" class=\"image__img\" src=\"https:\/\/www.europesays.com\/fr\/wp-content\/uploads\/2025\/06\/web17-519965-964x749.jpg\" alt=\"Niki de Saint Phalle et Jean Tinguely dans leur atelier \u00e0 la Commanderie des Templiers de Dannemois (91), en 1964.\" width=\"964\" height=\"749\"\/><\/p>\n<p>Niki de Saint Phalle et Jean Tinguely dans leur atelier \u00e0 la Commanderie des Templiers de Dannemois (91), en 1964.<\/p>\n<p>    i<\/p>\n<p class=\"legende__cartel\">\u00a9 Centre Pompidou, MNAM-CCI Biblioth\u00e8que Kandinsky, Dist. GrandPalaisRmn \/ Fonds Shunk et Kender<\/p>\n<blockquote class=\"editor-content__blockquote editor-content__blockquote--align-left\">\n<p>\u00ab\u00a0Pontus a l\u2019\u00e2me d\u2019un artiste plut\u00f4t que d\u2019un directeur de mus\u00e9e.\u00a0\u00bb<\/p>\n<p>Niki de Saint Phalle<\/p>\n<\/blockquote>\n<p class=\"editor-content__paragraph editor-content__paragraph--is-hidden\">Pontus Hulten envisage les accrochages comme autant de <strong>chocs visuels<\/strong> destin\u00e9s \u00e0 porter un regard neuf sur la cr\u00e9ation, avec l\u2019ambition de faire du mus\u00e9e <strong>un lieu de vie<\/strong>, et de la visite, une <strong>exp\u00e9rience participative<\/strong> m\u00ealant \u00e9motion et r\u00e9flexion. Son credo\u00a0: \u00ab\u00a0Toutes les choses difficiles int\u00e9resseront le grand public si elles sont <strong>pr\u00e9sent\u00e9es avec soin<\/strong>.\u00a0\u00bb Ce qu\u2019il s\u2019appliquera \u00e0 mettre en \u0153uvre dans tous les \u00e9tablissements qu\u2019il dirigera et pour chaque exposition dont il aura la charge \u2013 au Moderna Museet de Stockholm, au Centre Pompidou, au Museum of Contemporary Art \u00e0 Los Angeles, au Palazzo Grassi \u00e0 Venise, \u00e0 la Kunstund Ausstellungshalle der BDR \u00e0 Bonn.<\/p>\n<p>            <strong>Continuez votre lecture<\/strong><\/p>\n<p>\n                et acc\u00e9dez \u00e0 Beaux Arts Magazine<br \/>et \u00e0 tous les contenus web<br \/><strong>en illimit\u00e9 \u00e0 partir de 5,75\u20ac \/ mois<\/strong>\n            <\/p>\n<p class=\"cta-abonnement__log-in\">\n        D\u00e9j\u00e0 abonn\u00e9 ?        <a data-id=\"aHR0cHM6Ly93d3cuYmVhdXhhcnRzLmNvbS9tb24tY29tcHRlLw==\">Connectez-vous<\/a>\n    <\/p>\n<p>            <img data-vllblanksrc=\"https:\/\/www.beauxarts.com\/expos\/niki-de-saint-phalle-jean-tinguely-pontus-hulten-les-enfants-terribles-de-lart-moderne-reunis-au-grand-palais\/1\" data-vllsrc=\"https:\/\/www.europesays.com\/fr\/wp-content\/uploads\/2025\/05\/couv-bam-492-232x300.png\" alt=\"\"\/><img data-vllblanksrc=\"https:\/\/www.beauxarts.com\/expos\/niki-de-saint-phalle-jean-tinguely-pontus-hulten-les-enfants-terribles-de-lart-moderne-reunis-au-grand-palais\/1\" data-vllsrc=\"https:\/\/www.europesays.com\/fr\/wp-content\/uploads\/2025\/04\/couv-bam-2025-1-232x300.png\" alt=\"\"\/>        <\/p>\n","protected":false},"excerpt":{"rendered":"Forum du Centre Pompidou, juin 1977\u00a0: six mois apr\u00e8s l\u2019inauguration de ce lieu culturel d\u2019un genre nouveau, enfant&hellip;\n","protected":false},"author":2,"featured_media":188160,"comment_status":"","ping_status":"","sticky":false,"template":"","format":"standard","meta":{"footnotes":""},"categories":[1358],"tags":[1396,1348,1384,1385,1386,58,59,1011,27,1398],"class_list":{"0":"post-188159","1":"post","2":"type-post","3":"status-publish","4":"format-standard","5":"has-post-thumbnail","7":"category-arts-et-design","8":"tag-art-contemporain","9":"tag-arts","10":"tag-arts-and-design","11":"tag-arts-et-design","12":"tag-design","13":"tag-divertissement","14":"tag-entertainment","15":"tag-fr","16":"tag-france","17":"tag-grand-palais"},"share_on_mastodon":{"url":"https:\/\/pubeurope.com\/@fr\/114709530354003848","error":""},"_links":{"self":[{"href":"https:\/\/www.europesays.com\/fr\/wp-json\/wp\/v2\/posts\/188159","targetHints":{"allow":["GET"]}}],"collection":[{"href":"https:\/\/www.europesays.com\/fr\/wp-json\/wp\/v2\/posts"}],"about":[{"href":"https:\/\/www.europesays.com\/fr\/wp-json\/wp\/v2\/types\/post"}],"author":[{"embeddable":true,"href":"https:\/\/www.europesays.com\/fr\/wp-json\/wp\/v2\/users\/2"}],"replies":[{"embeddable":true,"href":"https:\/\/www.europesays.com\/fr\/wp-json\/wp\/v2\/comments?post=188159"}],"version-history":[{"count":0,"href":"https:\/\/www.europesays.com\/fr\/wp-json\/wp\/v2\/posts\/188159\/revisions"}],"wp:featuredmedia":[{"embeddable":true,"href":"https:\/\/www.europesays.com\/fr\/wp-json\/wp\/v2\/media\/188160"}],"wp:attachment":[{"href":"https:\/\/www.europesays.com\/fr\/wp-json\/wp\/v2\/media?parent=188159"}],"wp:term":[{"taxonomy":"category","embeddable":true,"href":"https:\/\/www.europesays.com\/fr\/wp-json\/wp\/v2\/categories?post=188159"},{"taxonomy":"post_tag","embeddable":true,"href":"https:\/\/www.europesays.com\/fr\/wp-json\/wp\/v2\/tags?post=188159"}],"curies":[{"name":"wp","href":"https:\/\/api.w.org\/{rel}","templated":true}]}}