{"id":188163,"date":"2025-06-19T10:22:16","date_gmt":"2025-06-19T10:22:16","guid":{"rendered":"https:\/\/www.europesays.com\/fr\/188163\/"},"modified":"2025-06-19T10:22:16","modified_gmt":"2025-06-19T10:22:16","slug":"flavie-flament-devoile-une-sequence-inti","status":"publish","type":"post","link":"https:\/\/www.europesays.com\/fr\/188163\/","title":{"rendered":"Flavie Flament d\u00e9voile une s\u00e9quence inti &#8230;"},"content":{"rendered":"<p class=\"tls__ed-content__exc\">nvit\u00e9 sur le plateau de T\u00e9l\u00e9matin<br \/>\nce 19 juin, Nagui a \u00e9t\u00e9 boulevers\u00e9 par une s\u00e9quence intime diffus\u00e9e<br \/>\npar Flavie Flament\u2026 On vous raconte.<\/p>\n<p>EN BREF<\/p>\n<ul class=\"bloc_resume_post_list\">\n<li>Le 19 juin, Nagui, animateur de \u00ab\u00a0N&rsquo;oubliez pas les<br \/>\nparoles&rsquo;, est invit\u00e9 sur T\u00e9l\u00e9matin et confront\u00e9 \u00e0 une vid\u00e9o<br \/>\npersonnelle de soutien \u00e0 une grand-m\u00e8re hospitalis\u00e9e.<\/li>\n<li>Flavie Flament r\u00e9v\u00e8le que la petite-fille, Dawn, remercie<br \/>\nNagui pour la vid\u00e9o \u00e9motive qui a aid\u00e9 sa grand-m\u00e8re \u00e0 se battre<br \/>\ncontre le cancer.<\/li>\n<li>Nagui, \u00e9mu par le t\u00e9moignage, souligne l&rsquo;importance des<br \/>\ngestes priv\u00e9s et exprime sa surprise d&rsquo;avoir \u00e9t\u00e9 touch\u00e9 en direct<br \/>\nsur T\u00e9l\u00e9matin.<\/li>\n<\/ul>\n<p data-start=\"60\" data-end=\"472\">Nagui ne s&rsquo;attendait pas \u00e0<br \/>\nressentir autant d&rsquo;\u00e9motions, ce jeudi 19 juin. Invit\u00e9 sur le<br \/>\nplateau de T\u00e9l\u00e9matin,<br \/>\nl&rsquo;animateur phare de <a href=\"https:\/\/www.telestar.fr\/actu_tv\/noubliez-pas-les-paroles-sebastien-le-tombeur-de-cindy-naura-pas-fait-long-feu-1727140\" target=\"_blank\" rel=\"noopener\"><br \/>\nN&rsquo;oubliez pas les paroles<\/a> a fait face \u00e0 une ancienne vid\u00e9o<br \/>\nqu&rsquo;il avait envoy\u00e9e pour soutenir une grand-m\u00e8re hospitalis\u00e9e.<br \/>\n\u00ab\u00a0Je ne sais pas de quel droit vous parlez de cette histoire-l\u00e0,<br \/>\nqui n&rsquo;\u00e9tait pas faite pour \u00eatre diffus\u00e9e et <strong>qui est quelque<br \/>\nchose d&rsquo;intime<\/strong>\u00ab\u00a0, s&rsquo;\u00e9tonne-t-il.<\/p>\n<p data-start=\"474\" data-end=\"999\">\u00ab\u00a0Parce que figurez-vous<br \/>\nqu&rsquo;on nous a contact\u00e9s. Elle s&rsquo;appelle Dawn et, six ans plus tard,<br \/>\nelle avait quelque chose \u00e0 vous dire\u00a0\u00bb, explique <a href=\"https:\/\/www.telestar.fr\/actu_tv\/pardon-flavie-flament-tente-un-jeu-de-mot-face-a-patrice-leconte-et-manque-de-le-vexer-1726241\" target=\"_blank\" rel=\"noopener\"><br \/>\nFlavie Flament<\/a>, avant de diffuser le message de la jeune fille.<br \/>\n\u00ab\u00a0Bonjour Nagui, aujourd&rsquo;hui j&rsquo;ai l&rsquo;opportunit\u00e9 de vous<br \/>\nremercier de vive voix pour la vid\u00e9o que vous avez faite \u00e0 ma<br \/>\ngrand-m\u00e8re en 2019. \u00c7a a \u00e9t\u00e9 <strong>une vid\u00e9o qui nous a<br \/>\nboulevers\u00e9s<\/strong> et je ne pensais pas du tout que vous alliez<br \/>\nme r\u00e9pondre. Et encore aujourd&rsquo;hui, six ans apr\u00e8s, je suis toujours<br \/>\naussi \u00e9tonn\u00e9e\u00a0\u00bb, confie-t-elle.<\/p>\n<p>Nagui touch\u00e9 par le message d&rsquo;une fan<\/p>\n<p data-start=\"1044\" data-end=\"1540\">Avant de poursuivre : \u00ab\u00a0\u00c7a<br \/>\nnous a \u00e9mus et \u00e7a a surtout donn\u00e9 de la force \u00e0 ma grand-m\u00e8re pour<br \/>\nse battre les deux derniers mois de sa vie face <strong>au<br \/>\ncancer.<\/strong> Vraiment, vous \u00e9tiez son idole. Vous avez berc\u00e9<br \/>\nmon enfance et mon adolescence avec vos \u00e9missions. Et au nom de ma<br \/>\nfamille, ainsi que des amis de ma grand-m\u00e8re, je vous remercie du<br \/>\nplus profond de mon c\u0153ur. Et je suis hyper, hyper reconnaissante,<br \/>\nparce que gr\u00e2ce \u00e0 vous, j&rsquo;ai pu partager <strong>un dernier moment<br \/>\nde bonheur ultime<\/strong> avec ma grand-m\u00e8re.\u00a0\u00bb<\/p>\n<p data-start=\"1542\" data-end=\"1878\">Un t\u00e9moignage qui a<br \/>\nparticuli\u00e8rement \u00e9mu <a href=\"https:\/\/www.telestar.fr\/actu_tv\/cest-moche-ce-que-vous-faites-nagui-tout-emoustille-par-son-amour-de-jeunesse-sur-le-plateau-de-telematin-1727703\" target=\"_blank\" rel=\"noopener\"><br \/>\nNagui<\/a>. \u00ab\u00a0\u00c9videmment que c&rsquo;est \u00e9mouvant. J&rsquo;ai des tonnes de<br \/>\ndemandes comme \u00e7a. Je ne peux malheureusement pas r\u00e9pondre \u00e0 tout<br \/>\nle monde. Alors, \u00e7a peut \u00eatre simplement des \u2018j&rsquo;ai l&rsquo;anniversaire<br \/>\nde ma femme\u2019, \u2018j&rsquo;ai\u2026\u2019 Et puis, il y a un message qui vous touche.<br \/>\nEt donc, vous le faites\u00a0\u00bb, d\u00e9clare-t-il.<\/p>\n<p>Nagui : \u00ab\u00a0Je n&rsquo;avais pas pr\u00e9vu de venir<br \/>\n\u00e0 T\u00e9l\u00e9matin pleurer\u00a0\u00bb<\/p>\n<p data-start=\"1945\" data-end=\"2249\">\u00ab\u00a0Et vous ne le faites pas<br \/>\nras\u00e9, en t-shirt vite fait, parce que vous prenez le temps de le<br \/>\nfaire, parce que \u00e7a serait totalement ind\u00e9cent de ne pas le faire.<br \/>\nCe n&rsquo;est pas fait pour \u00eatre diffus\u00e9. <strong>Je ne fais pas \u00e7a pour<br \/>\nmon image<\/strong>. Et \u00e9videmment, j&#8217;embrasse cette demoiselle et<br \/>\nsa gentillesse\u00a0\u00bb, ajoute-t-il.<\/p>\n<p data-start=\"2251\" data-end=\"2714\" data-is-last-node=\"\" data-is-only-node=\"\">\u00ab\u00a0Si vous voulez, les combats qui sont<br \/>\nfaits pour communiquer, comme le T\u00e9l\u00e9thon, comme le Taratata que<br \/>\nnous allons faire \u00e0 la rentr\u00e9e pour lutter contre le cancer, on<br \/>\ncommunique, on est devant la cam\u00e9ra, on assume, on se bat. Ce que<br \/>\nl&rsquo;on fait en priv\u00e9, les dons, les gestes, les maraudes, et ainsi de<br \/>\nsuite, je trouve un peu de d\u00e9cence\u00a0\u00bb, rappelle-t-il, avant<br \/>\nd&rsquo;ajouter que cette vid\u00e9o l&rsquo;avait touch\u00e9, et qu&rsquo;il n&rsquo;avait pas<br \/>\n\u00ab\u00a0pr\u00e9vu de venir \u00e0 T\u00e9l\u00e9matin pleurer\u00a0\u00bb.<\/p>\n","protected":false},"excerpt":{"rendered":"nvit\u00e9 sur le plateau de T\u00e9l\u00e9matin ce 19 juin, Nagui a \u00e9t\u00e9 boulevers\u00e9 par une s\u00e9quence intime diffus\u00e9e&hellip;\n","protected":false},"author":2,"featured_media":188164,"comment_status":"","ping_status":"","sticky":false,"template":"","format":"standard","meta":{"footnotes":""},"categories":[1356],"tags":[548,58,59,7844,1011,27,10477,12959,252,1364],"class_list":{"0":"post-188163","1":"post","2":"type-post","3":"status-publish","4":"format-standard","5":"has-post-thumbnail","7":"category-television","8":"tag-article-simple","9":"tag-divertissement","10":"tag-entertainment","11":"tag-flavie-flament","12":"tag-fr","13":"tag-france","14":"tag-nagui","15":"tag-telematin","16":"tag-television","17":"tag-tv"},"share_on_mastodon":{"url":"https:\/\/pubeurope.com\/@fr\/114709537996297868","error":""},"_links":{"self":[{"href":"https:\/\/www.europesays.com\/fr\/wp-json\/wp\/v2\/posts\/188163","targetHints":{"allow":["GET"]}}],"collection":[{"href":"https:\/\/www.europesays.com\/fr\/wp-json\/wp\/v2\/posts"}],"about":[{"href":"https:\/\/www.europesays.com\/fr\/wp-json\/wp\/v2\/types\/post"}],"author":[{"embeddable":true,"href":"https:\/\/www.europesays.com\/fr\/wp-json\/wp\/v2\/users\/2"}],"replies":[{"embeddable":true,"href":"https:\/\/www.europesays.com\/fr\/wp-json\/wp\/v2\/comments?post=188163"}],"version-history":[{"count":0,"href":"https:\/\/www.europesays.com\/fr\/wp-json\/wp\/v2\/posts\/188163\/revisions"}],"wp:featuredmedia":[{"embeddable":true,"href":"https:\/\/www.europesays.com\/fr\/wp-json\/wp\/v2\/media\/188164"}],"wp:attachment":[{"href":"https:\/\/www.europesays.com\/fr\/wp-json\/wp\/v2\/media?parent=188163"}],"wp:term":[{"taxonomy":"category","embeddable":true,"href":"https:\/\/www.europesays.com\/fr\/wp-json\/wp\/v2\/categories?post=188163"},{"taxonomy":"post_tag","embeddable":true,"href":"https:\/\/www.europesays.com\/fr\/wp-json\/wp\/v2\/tags?post=188163"}],"curies":[{"name":"wp","href":"https:\/\/api.w.org\/{rel}","templated":true}]}}