{"id":188167,"date":"2025-06-19T10:24:10","date_gmt":"2025-06-19T10:24:10","guid":{"rendered":"https:\/\/www.europesays.com\/fr\/188167\/"},"modified":"2025-06-19T10:24:10","modified_gmt":"2025-06-19T10:24:10","slug":"surprise-marvel-vient-dajouter-un-mysterieux-film-a-son-calendrier","status":"publish","type":"post","link":"https:\/\/www.europesays.com\/fr\/188167\/","title":{"rendered":"Surprise ! Marvel vient d&rsquo;ajouter un myst\u00e9rieux film \u00e0 son calendrier"},"content":{"rendered":"<p>Moins de films, mais de meilleurs films. C\u2019est la promesse formul\u00e9e par Bob Iger depuis plusieurs mois concernant la licence Marvel. Le patron de Disney a avou\u00e9 avoir trop tir\u00e9 sur la corde avec ses superh\u00e9ros. Depuis Endgame en 2019, 13 films ont \u00e9t\u00e9 propos\u00e9s dans les salles obscures. Avec une pause observ\u00e9e en 2020 \u00e0 cause la crise sanitaire, la licence n\u2019a pas ch\u00f4m\u00e9. C\u2019est aussi vrai sur le petit \u00e9cran depuis le lancement de Disney+. Avec Wandavision en 2021, l\u2019entreprise de Kevin Feige s\u2019est donn\u00e9 pour mission d\u2019alourdir le catalogue de sa plateforme avec des h\u00e9ros secondaires ou in\u00e9dits. Une quinzaine de s\u00e9ries, en prise de vues r\u00e9elles ou en animation, ont \u00e9t\u00e9 propos\u00e9es entre deux sorties cin\u00e9matographiques. De quoi fr\u00f4ler l\u2019indigestion\u00a0? C\u2019est du moins la le\u00e7on que l\u2019on peut tirer des derniers \u00e9checs de l\u2019estampille au cin\u00e9ma et sur Disney+\u00a0?<\/p>\n<p>Conscients d\u2019avoir rogn\u00e9 sur la qualit\u00e9 au d\u00e9triment de la quantit\u00e9, Bob Iger et Kevin Feige ont annonc\u00e9 vouloir lever le pied au cours des prochaines ann\u00e9es. Apr\u00e8s la sortie de 4 Fantastiques cet \u00e9t\u00e9, Marvel observera une pause d\u2019un an et demi jusqu\u2019\u00e0 <a href=\"https:\/\/www.journaldugeek.com\/2025\/05\/23\/catastrophe-disney-reporte-avengers-doomsday-et-secret-wars\/\" target=\"_blank\" rel=\"noopener\">Avengers\u00a0: Doomsday<\/a> en d\u00e9cembre 2026. Si quelques s\u00e9ries sont promises, comme Ironheart ou encore Wonder Man, l\u2019entreprise de Kevin Feige va se faire plus discr\u00e8te qu\u2019\u00e0 l\u2019accoutum\u00e9e. On pouvait m\u00eame esp\u00e9rer qu\u2019elle s\u2019offre enfin la pause n\u00e9cessaire \u00e0 son bon red\u00e9marrage, comme ce qui avait \u00e9t\u00e9 anticip\u00e9 avec le final de la saga de l\u2019infini. Bonne ou mauvaise nouvelle\u00a0? La suite est d\u00e9j\u00e0 en marche. En effet, Marvel et Disney viennent de s\u00e9curiser la date du <strong>15 d\u00e9cembre 2028<\/strong> pour un myst\u00e9rieux film. Ce sera ainsi le <strong>quatri\u00e8me film pr\u00e9vu pour l\u2019ann\u00e9e 2028<\/strong>, apr\u00e8s ceux promis pour les mois de f\u00e9vrier, mai et novembre 2028. Ralentir vous disiez\u00a0? Reste que cette nouvelle date pourrait aussi n\u2019\u00eatre que le report d\u2019un des projets annonc\u00e9s plus t\u00f4t.<\/p>\n<p> Pour aller dans quelle direction\u00a0? <\/p>\n<p><a href=\"https:\/\/www.journaldugeek.com\/2024\/07\/23\/marvel-promet-de-changer-la-recette-de-ses-films-avec-les-prochains-avengers\/\" target=\"_blank\" rel=\"noopener\">L\u2019avenir du MCU<\/a> est incertain, comme c\u2019\u00e9tait le cas avant la sortie d\u2018Endgame. En effet, Secret Wars doit faire office de point de bascule vers une nouvelle saga, visiblement centr\u00e9e sur les X-Men. Apr\u00e8s avoir explor\u00e9 le multivers, avec plus ou moins de succ\u00e8s (plut\u00f4t moins), Marvel veut s\u2019attaquer \u00e0 la question des mutants et de leur place dans la soci\u00e9t\u00e9. Le rachat de la 20th Century Fox lui offre enfin l\u2019opportunit\u00e9 de le faire, des ann\u00e9es apr\u00e8s la vente des droits d\u2019adaptation par Marvel Comics. Depuis 2019, quelques uns de ces h\u00e9ros ont fait une apparition au sein du MCU, dans Doctor Strange in the multiverse of Madness puis dans Deadpool &amp; Wolverine ou encore The Marvels. Selon les derni\u00e8res rumeurs, un film consacr\u00e9 \u00e0 l\u2019\u00e9quipe du professeur Xavier serait en marche. On ne sait pour l\u2019heure pas s\u2019il s\u2019agira d\u2019un<strong> remake complet<\/strong> avec de nouveaux acteurs ou si la saga va faire le choix de miser sur certains visages embl\u00e9matiques pour poursuivre le voyage.<\/p>\n<p>Il appara\u00eet tr\u00e8s clair que les X-Men sont la nouvelle priorit\u00e9 du g\u00e9ant du divertissement au m\u00eame titre que<a href=\"https:\/\/www.journaldugeek.com\/2025\/06\/05\/les-4-fantastiques-confirme-larrivee-de-ce-personnage-avec-sa-bande-annonce\/\" target=\"_blank\" rel=\"noopener\"> <strong>Les 4 Fantastiques<\/strong><\/a>. Ces derniers pourraient aussi d\u00e9j\u00e0 promis \u00e0 un retour (en dehors de leur apparition dans les deux prochains Avengers). Se pose d\u00e9sormais la question de savoir comment ces univers et personnages vont cohabiter. Plus que jamais, le MCU veut jouer sur plusieurs tableaux pour s\u00e9duire les spectateurs. Seront-ils au rendez-vous\u00a0? Marvel l\u2019esp\u00e8re.<\/p>\n<blockquote>\n<p class=\"text-base text-neutral-700 dark:text-neutral-300\">\ud83d\udfe3 Pour ne manquer aucune news sur le Journal du Geek, abonnez-vous sur <a href=\"https:\/\/news.google.com\/publications\/CAAqBwgKMNr_hAswwYyCAw?hl=fr&amp;gl=FR&amp;ceid=FR%3Afr\" target=\"_blank\" rel=\"noopener\">Google Actualit\u00e9s<\/a> et sur <a href=\"https:\/\/whatsapp.com\/channel\/0029VaClM5y4tRry12tb7D2h\" target=\"_blank\" rel=\"noopener\">notre WhatsApp<\/a>. Et si vous nous adorez, on a <a href=\"https:\/\/www.journaldugeek.com\/newsletter\/\" target=\"_blank\" rel=\"noopener\">une newsletter tous les matins<\/a>.<\/p>\n<\/blockquote>\n","protected":false},"excerpt":{"rendered":"Moins de films, mais de meilleurs films. C\u2019est la promesse formul\u00e9e par Bob Iger depuis plusieurs mois concernant&hellip;\n","protected":false},"author":2,"featured_media":188168,"comment_status":"","ping_status":"","sticky":false,"template":"","format":"standard","meta":{"footnotes":""},"categories":[1354],"tags":[520,58,59,1346,1011,27,2135,11224,1360],"class_list":{"0":"post-188167","1":"post","2":"type-post","3":"status-publish","4":"format-standard","5":"has-post-thumbnail","7":"category-films","8":"tag-disney","9":"tag-divertissement","10":"tag-entertainment","11":"tag-films","12":"tag-fr","13":"tag-france","14":"tag-marvel","15":"tag-mcu","16":"tag-movies"},"share_on_mastodon":{"url":"https:\/\/pubeurope.com\/@fr\/114709546490510507","error":""},"_links":{"self":[{"href":"https:\/\/www.europesays.com\/fr\/wp-json\/wp\/v2\/posts\/188167","targetHints":{"allow":["GET"]}}],"collection":[{"href":"https:\/\/www.europesays.com\/fr\/wp-json\/wp\/v2\/posts"}],"about":[{"href":"https:\/\/www.europesays.com\/fr\/wp-json\/wp\/v2\/types\/post"}],"author":[{"embeddable":true,"href":"https:\/\/www.europesays.com\/fr\/wp-json\/wp\/v2\/users\/2"}],"replies":[{"embeddable":true,"href":"https:\/\/www.europesays.com\/fr\/wp-json\/wp\/v2\/comments?post=188167"}],"version-history":[{"count":0,"href":"https:\/\/www.europesays.com\/fr\/wp-json\/wp\/v2\/posts\/188167\/revisions"}],"wp:featuredmedia":[{"embeddable":true,"href":"https:\/\/www.europesays.com\/fr\/wp-json\/wp\/v2\/media\/188168"}],"wp:attachment":[{"href":"https:\/\/www.europesays.com\/fr\/wp-json\/wp\/v2\/media?parent=188167"}],"wp:term":[{"taxonomy":"category","embeddable":true,"href":"https:\/\/www.europesays.com\/fr\/wp-json\/wp\/v2\/categories?post=188167"},{"taxonomy":"post_tag","embeddable":true,"href":"https:\/\/www.europesays.com\/fr\/wp-json\/wp\/v2\/tags?post=188167"}],"curies":[{"name":"wp","href":"https:\/\/api.w.org\/{rel}","templated":true}]}}