{"id":188172,"date":"2025-06-19T10:27:11","date_gmt":"2025-06-19T10:27:11","guid":{"rendered":"https:\/\/www.europesays.com\/fr\/188172\/"},"modified":"2025-06-19T10:27:11","modified_gmt":"2025-06-19T10:27:11","slug":"florence-foresti-et-jamel-debbouze-a-moitie-nus-cette-photo-qui-surprend-sur-instagram","status":"publish","type":"post","link":"https:\/\/www.europesays.com\/fr\/188172\/","title":{"rendered":"Florence Foresti et Jamel Debbouze \u00e0 moiti\u00e9 nus : cette photo qui surprend sur Instagram"},"content":{"rendered":"<p>      R\u00e9sum\u00e9<\/p>\n<p>Pour son 50\u1d49 anniversaire, Jamel Debbouze a re\u00e7u un hommage humoristique et d\u00e9cal\u00e9 de Florence Foresti, illustrant leur amiti\u00e9 avec des photomontages surprenants et satiriques.<\/p>\n<p>        Sommaire<\/p>\n<p>Ce mercredi 18 juin 2025, Jamel Debbouze c\u00e9l\u00e9brait son 50\u1d49 anniversaire. Sur les r\u00e9seaux sociaux, le c\u00e9l\u00e8bre humoriste a donc \u00e9t\u00e9 mis \u00e0 l&rsquo;honneur par plusieurs de ses proches<a href=\"https:\/\/www.public.fr\/jamel-debbouze-et-melissa-theuriau-grosse-declaration-damour-insolite-en-plein-concert-de-jul\" target=\"_blank\" rel=\"noopener\"> dont sa femme M\u00e9lissa Theuriau qui lui a adress\u00e9 un tendre message<\/a>.<\/p>\n<p>Le p\u00e8re de famille a aussi eu droit \u00e0 une petite attention de son amie Florence Foresti, qui n&rsquo;a pas manqu\u00e9 de publier sur Instagram, une photo sur laquelle ils apparaissent tr\u00e8s d\u00e9nud\u00e9s&#8230; <\/p>\n<p>Un message d\u2019anniversaire 100 % Foresti<\/p>\n<p>Quand <a href=\"https:\/\/www.public.fr\/hors-de-question-florence-foresti-son-celebre-ex-livre-un-temoignage-sans-detour\" target=\"_blank\" rel=\"noopener\"><strong>Florence Foresti<\/strong> <\/a>souhaite un anniversaire, elle ne se contente pas d\u2019un simple \u201cJoyeux anniversaire\u201d en story Instagram. Fid\u00e8le \u00e0 son humour piquant et d\u00e9cal\u00e9, l\u2019humoriste fran\u00e7aise a tenu \u00e0 c\u00e9l\u00e9brer <strong>Jamel Debbouze<\/strong>, son ami de longue date, avec une <strong>bonne dose d\u2019autod\u00e9rision<\/strong>\u2026 et beaucoup de retouches !<\/p>\n<p>Ce mercredi, l&rsquo;humoriste a post\u00e9 une s\u00e9rie de <strong>photomontages d\u00e9lirants<\/strong> sur son compte Instagram pour souhaiter un joyeux anniversaire \u00e0 celui qu\u2019elle consid\u00e8re comme un fr\u00e8re de c\u0153ur dans le m\u00e9tier.<\/p>\n<p>Des montages (tr\u00e8s) muscl\u00e9s<\/p>\n<p>Parmi les images, une a particuli\u00e8rement fait r\u00e9agir : on y voit <strong>Florence et Jamel \u00e0 moiti\u00e9 nus, en tenue de sport, corps muscl\u00e9s et abdominaux saillants<\/strong>, fa\u00e7on mannequins de salle de sport\u2026 sauf que <strong>les silhouettes ne correspondent absolument pas aux leurs<\/strong> ! Les visages sont bien les leurs, certes, mais les corps semblent tout droit sortis d\u2019un jeu vid\u00e9o ou d\u2019un concours de culturisme.<\/p>\n<p>\u00ab\u00a0Joyeux anniversaire mon cher ami\u00a0\u00bb s&rsquo;est-elle content\u00e9e d&rsquo;\u00e9crire. Un clin d\u2019\u0153il \u00e0 leur complicit\u00e9, mais aussi \u00e0 l\u2019absurdit\u00e9 des standards physiques irr\u00e9alistes souvent v\u00e9hicul\u00e9s sur les r\u00e9seaux.<\/p>\n<p><img loading=\"lazy\" decoding=\"async\" width=\"745\" height=\"1024\" src=\"data:image\/svg+xml,%3Csvg%20xmlns=\" http:=\"\" alt=\"Florence Foresti et Jamel Debbouze \u00e0 moiti\u00e9 nus : cette photo qui surprend sur Instagram\" data-lazy- data-lazy- data-lazy-src=\"https:\/\/www.europesays.com\/fr\/wp-content\/uploads\/2025\/06\/Capture-decran-2025-06-19-a-10.20.01-745x1024.png\"\/><\/p>\n<p>Une amiti\u00e9 qui dure<\/p>\n<p>Florence Foresti et Jamel Debbouze, ce n\u2019est pas seulement des blagues partag\u00e9es sur Instagram. C\u2019est aussi <a href=\"https:\/\/www.public.fr\/florence-foresti-rare-apparition-de-sa-fille-toni-a-loccasion-de-la-fashion-week\" target=\"_blank\" rel=\"noopener\">une amiti\u00e9 solide, forg\u00e9e dans les coulisses des plateaux<\/a> et des sc\u00e8nes d\u2019humour depuis plus de vingt ans. Tous deux ont marqu\u00e9 les ann\u00e9es 2000 avec leurs spectacles \u00e0 succ\u00e8s, leurs apparitions au cin\u00e9ma, et leur capacit\u00e9 \u00e0 allier humour et engagement.<\/p>\n<p>En quelques images hilarantes, Foresti rappelle qu\u2019il n\u2019y a rien de plus sinc\u00e8re qu\u2019un rire entre amis, surtout quand il est accompagn\u00e9 d\u2019un faux six-pack et d\u2019une tenue fluo.<\/p>\n<p>      Mentionn\u00e9s dans cet article<\/p>\n<p>\u00c0 lire aussi<\/p>\n","protected":false},"excerpt":{"rendered":"R\u00e9sum\u00e9 Pour son 50\u1d49 anniversaire, Jamel Debbouze a re\u00e7u un hommage humoristique et d\u00e9cal\u00e9 de Florence Foresti, illustrant&hellip;\n","protected":false},"author":2,"featured_media":188173,"comment_status":"","ping_status":"","sticky":false,"template":"","format":"standard","meta":{"footnotes":""},"categories":[8],"tags":[3581,58,59,32591,1011,27,2440,8585],"class_list":{"0":"post-188172","1":"post","2":"type-post","3":"status-publish","4":"format-standard","5":"has-post-thumbnail","7":"category-divertissement","8":"tag-anniversaire","9":"tag-divertissement","10":"tag-entertainment","11":"tag-florence-foresti","12":"tag-fr","13":"tag-france","14":"tag-instagram","15":"tag-jamel-debbouze"},"share_on_mastodon":{"url":"https:\/\/pubeurope.com\/@fr\/114709557610821920","error":""},"_links":{"self":[{"href":"https:\/\/www.europesays.com\/fr\/wp-json\/wp\/v2\/posts\/188172","targetHints":{"allow":["GET"]}}],"collection":[{"href":"https:\/\/www.europesays.com\/fr\/wp-json\/wp\/v2\/posts"}],"about":[{"href":"https:\/\/www.europesays.com\/fr\/wp-json\/wp\/v2\/types\/post"}],"author":[{"embeddable":true,"href":"https:\/\/www.europesays.com\/fr\/wp-json\/wp\/v2\/users\/2"}],"replies":[{"embeddable":true,"href":"https:\/\/www.europesays.com\/fr\/wp-json\/wp\/v2\/comments?post=188172"}],"version-history":[{"count":0,"href":"https:\/\/www.europesays.com\/fr\/wp-json\/wp\/v2\/posts\/188172\/revisions"}],"wp:featuredmedia":[{"embeddable":true,"href":"https:\/\/www.europesays.com\/fr\/wp-json\/wp\/v2\/media\/188173"}],"wp:attachment":[{"href":"https:\/\/www.europesays.com\/fr\/wp-json\/wp\/v2\/media?parent=188172"}],"wp:term":[{"taxonomy":"category","embeddable":true,"href":"https:\/\/www.europesays.com\/fr\/wp-json\/wp\/v2\/categories?post=188172"},{"taxonomy":"post_tag","embeddable":true,"href":"https:\/\/www.europesays.com\/fr\/wp-json\/wp\/v2\/tags?post=188172"}],"curies":[{"name":"wp","href":"https:\/\/api.w.org\/{rel}","templated":true}]}}