{"id":188180,"date":"2025-06-19T10:31:13","date_gmt":"2025-06-19T10:31:13","guid":{"rendered":"https:\/\/www.europesays.com\/fr\/188180\/"},"modified":"2025-06-19T10:31:13","modified_gmt":"2025-06-19T10:31:13","slug":"quest-ce-que-le-blocage-en-omega-qui-cause-de-si-fortes-chaleurs-en-france","status":"publish","type":"post","link":"https:\/\/www.europesays.com\/fr\/188180\/","title":{"rendered":"qu\u2019est-ce que le \u00abblocage en omega\u00bb qui cause de si fortes chaleurs en France ?"},"content":{"rendered":"<p>Lorsque survient cette configuration atmosph\u00e9rique particuli\u00e8re, un flux d\u2019air chaud provenant d\u2019Afrique se retrouve bloqu\u00e9 entre deux d\u00e9pressions.<\/p>\n<p class=\"fig-paragraph\">Avant de mettre le nez dehors ce jeudi, il faudra pr\u00e9voir la bouteille d\u2019eau, voire l\u2019\u00e9ventail, le brumisateur et un tee-shirt de rechange. Aujourd\u2019hui et les jours \u00e0 venir, les cartes m\u00e9t\u00e9o affichent un soleil br\u00fblant sur l\u2019int\u00e9gralit\u00e9 du pays. Les temp\u00e9ratures devraient<a href=\"http:\/\/www.lefigaro.fr\/meteo\/370c-a-paris-et-bordeaux-360c-a-lyon-le-pic-de-la-vague-de-chaleur-attendu-samedi-en-france-20250618\" data-fig-type=\"NewsFlash\" data-gtm-custom-categorie=\"navigation\" data-gtm-custom-action=\"crossclick\" data-gtm-custom-label=\"Contextuel\" data-gtm-event=\"customEventSPE\" data-fig-domain=\"LEFIGARO\" target=\"_blank\" rel=\"noopener\">\u00a0s\u2019envoler jusqu\u2019\u00e0 37\u00b0C ce samedi<\/a>. C\u2019est l\u2019\u00e9tonnant ph\u00e9nom\u00e8ne m\u00e9t\u00e9orologique du \u00abblocage en omega\u00bb qui serait \u00e0 l\u2019origine de cette vague de chaleur tenace.<\/p>\n<p class=\"fig-paragraph\">Il s\u2019agit, selon le m\u00e9t\u00e9orologue et directeur de l\u2019information de\u00a0<a href=\"https:\/\/actualite.lachainemeteo.com\/actualite-meteo\/2024-05-31\/vagues-de-chaleur-canicules-ou-froid-persistant-qu-est-ce-que-le-blocage-en-omega-65948#:~:text=En%20m%C3%A9t%C3%A9orologie%2C%20un%20blocage%20en,conditions%20m%C3%A9t%C3%A9orologiques%20stationnaires%20et%20stables.\" target=\"_blank\" rel=\"noopener\" data-gtm-custom-categorie=\"navigation\" data-gtm-custom-action=\"crossclick\" data-gtm-custom-label=\"Contextuel\" data-gtm-event=\"customEventSPE\">La Cha\u00eene m\u00e9t\u00e9o,\u00a0<\/a>Florent Schindler, d\u2019une \u00abconfiguration particuli\u00e8re de l\u2019atmosph\u00e8re qui perturbe la circulation normale des masses d\u2019air\u00bb. Son dr\u00f4le de nom fait r\u00e9f\u00e9rence \u00e0 la forme que dessine le \u00abjet stream\u00bb &#8211; ce courant d\u2019air en haute altitude qui guide les d\u00e9pressions et les anticyclones -, semblable \u00e0 la lettre omega (ou \u00e0 un fer \u00e0 cheval). \u00c0 cause de fortes ondulations, se cr\u00e9e un m\u00e9andre qui \u00abemprisonne un anticyclone entre deux zones d\u00e9pressionnaires\u00bb.<\/p>\n<p>Un \u00abverrouillage atmosph\u00e9rique\u00bb<\/p>\n<p class=\"fig-paragraph\">En cons\u00e9quence, les d\u00e9pressions sont fig\u00e9es l\u00e0 o\u00f9 elles se trouvent (c\u00f4t\u00e9 Atlantique et en Europe de l\u2019est) et l\u2019anticyclone reste bloqu\u00e9 au centre, cr\u00e9ant un temps calme, sans perturbations. Florent Schindler explique en effet que \u00abce verrouillage atmosph\u00e9rique rend la situation m\u00e9t\u00e9orologique quasi stationnaire\u00bb. En p\u00e9riode estivale (ou pr\u00e9-estivale comme maintenant), la cons\u00e9quence est le maintien d\u2019une chape de plomb, avec la stagnation de flux d\u2019airs chauds provenus d\u2019Afrique. La\u00a0<a href=\"https:\/\/madame.lefigaro.fr\/bien-etre\/forme-detente\/ces-9-petits-changements-vont-transformer-vos-nuits-pendant-la-canicule-20250619\" target=\"_blank\" data-fig-type=\"Article\" rel=\"noopener\" data-gtm-custom-categorie=\"navigation\" data-gtm-custom-action=\"crossclick\" data-gtm-custom-label=\"Contextuel\" data-gtm-event=\"customEventSPE\" data-fig-domain=\"MADAME\">canicule<\/a>\u00a0de 2003 a \u00e9t\u00e9 marqu\u00e9e par ce ph\u00e9nom\u00e8ne.<\/p>\n<p class=\"fig-paragraph\">L\u2019issue de ce sc\u00e9nario est incertaine, mais le retour d\u2019une goutte froide, cette poche d\u2019air froid situ\u00e9e en altitude, est probable, avec un risque d\u2019orages violents dimanche ou lundi prochain.<\/p>\n","protected":false},"excerpt":{"rendered":"Lorsque survient cette configuration atmosph\u00e9rique particuli\u00e8re, un flux d\u2019air chaud provenant d\u2019Afrique se retrouve bloqu\u00e9 entre deux d\u00e9pressions.&hellip;\n","protected":false},"author":2,"featured_media":188181,"comment_status":"","ping_status":"","sticky":false,"template":"","format":"standard","meta":{"footnotes":""},"categories":[4],"tags":[11,6698,1011,27,2487,7750,7752,7751,7749,2357,12,7748,25],"class_list":{"0":"post-188180","1":"post","2":"type-post","3":"status-publish","4":"format-standard","5":"has-post-thumbnail","7":"category-france","8":"tag-actualites","9":"tag-canicule","10":"tag-fr","11":"tag-france","12":"tag-meteo","13":"tag-meteo-aujourdhui","14":"tag-meteo-demain","15":"tag-meteo-du-jour","16":"tag-meteo-paris","17":"tag-meteo-france","18":"tag-news","19":"tag-prevision-meteo","20":"tag-republique-francaise"},"share_on_mastodon":{"url":"https:\/\/pubeurope.com\/@fr\/114709573331995534","error":""},"_links":{"self":[{"href":"https:\/\/www.europesays.com\/fr\/wp-json\/wp\/v2\/posts\/188180","targetHints":{"allow":["GET"]}}],"collection":[{"href":"https:\/\/www.europesays.com\/fr\/wp-json\/wp\/v2\/posts"}],"about":[{"href":"https:\/\/www.europesays.com\/fr\/wp-json\/wp\/v2\/types\/post"}],"author":[{"embeddable":true,"href":"https:\/\/www.europesays.com\/fr\/wp-json\/wp\/v2\/users\/2"}],"replies":[{"embeddable":true,"href":"https:\/\/www.europesays.com\/fr\/wp-json\/wp\/v2\/comments?post=188180"}],"version-history":[{"count":0,"href":"https:\/\/www.europesays.com\/fr\/wp-json\/wp\/v2\/posts\/188180\/revisions"}],"wp:featuredmedia":[{"embeddable":true,"href":"https:\/\/www.europesays.com\/fr\/wp-json\/wp\/v2\/media\/188181"}],"wp:attachment":[{"href":"https:\/\/www.europesays.com\/fr\/wp-json\/wp\/v2\/media?parent=188180"}],"wp:term":[{"taxonomy":"category","embeddable":true,"href":"https:\/\/www.europesays.com\/fr\/wp-json\/wp\/v2\/categories?post=188180"},{"taxonomy":"post_tag","embeddable":true,"href":"https:\/\/www.europesays.com\/fr\/wp-json\/wp\/v2\/tags?post=188180"}],"curies":[{"name":"wp","href":"https:\/\/api.w.org\/{rel}","templated":true}]}}